{"id":542,"date":"2024-02-06T15:25:46","date_gmt":"2024-02-06T14:25:46","guid":{"rendered":"https:\/\/canoff.de\/?p=542"},"modified":"2024-02-06T15:26:33","modified_gmt":"2024-02-06T14:26:33","slug":"542","status":"publish","type":"post","link":"https:\/\/canoff.de\/?p=542&lang=fr","title":{"rendered":"Le site de Flensbourg se pr\u00e9sente"},"content":{"rendered":"\n<div class=\"wp-block-columns is-layout-flex wp-container-core-columns-is-layout-9d6595d7 wp-block-columns-is-layout-flex\">\n<div class=\"wp-block-column is-layout-flow wp-block-column-is-layout-flow\">\n<p>Le site Canoff de Flensburg est port\u00e9 par le d\u00e9partement de fran\u00e7ais et est un centre pour toutes les disciplines de l&#8217;Europa-Universit\u00e4t Flensburg qui abordent de la France et de la francophonie dans la recherche, l&#8217;enseignement et le transfert de connaissances. Le rattachement \u00e0 l<em><a href=\"https:\/\/www.uni-flensburg.de\/ices\" target=\"_blank\" rel=\"noreferrer noopener\">&#8218;International Center for European Studies<\/a><\/em> (ICES) souligne cette orientation interdisciplinaire que nous souhaitons d\u00e9velopper et renforcer dans les ann\u00e9es \u00e0 venir.<\/p>\n\n\n\n<p>Notre profil est \u00e9galement d\u00e9termin\u00e9 par le fait que nous travaillons en r\u00e9seau avec les acteurs r\u00e9gionaux de l&#8217;\u00e9ducation, de la culture et de la soci\u00e9t\u00e9 civile. Des coop\u00e9rations existent d\u00e9j\u00e0 avec des \u00e9coles, l&#8216;<em><a href=\"https:\/\/www.institutfrancais.de\/de\/kiel#\/\">Institut Fran\u00e7ais de Kiel<\/a><\/em> ainsi que diff\u00e9rentes institutions culturelles de la r\u00e9gion de Flensburg.<\/p>\n\n\n\n<p>Gr\u00e2ce \u00e0 diff\u00e9rents formats d&#8217;\u00e9v\u00e9nements tels que des ateliers de traduction, des lectures, des conf\u00e9rences invit\u00e9es, des colloques, des coop\u00e9rations dans le cadre de concours de lecture scolaires ou des manifestations \u00e0 l&#8217;occasion de la <em><a href=\"https:\/\/www.uni-flensburg.de\/romanisches-seminar\/forschung-projekte\/abgeschlossene-projekte\/soiree-rentree-litteraire?sword_list%5B0%5D=litt\u00e9raire&amp;no_cache=1\">Rentr\u00e9e litt\u00e9raire<\/a><\/em>, nous souhaitons repr\u00e9senter culturellement la langue fran\u00e7aise, la France et la francophonie dans le Nord, y apporter une r\u00e9flexion scientifique et la faire vivre.<\/p>\n\n\n\n<p>N&#8217;h\u00e9sitez pas \u00e0 nous contacter si vous souhaitez partager des id\u00e9es, coop\u00e9rer, devenir membre ou tout simplement vous tenir au courant. Nous nous r\u00e9jouissons de votre int\u00e9r\u00eat !<\/p>\n<\/div>\n\n\n\n<div class=\"wp-block-column is-layout-flow wp-block-column-is-layout-flow\">\n<p class=\"has-sitebg-color has-accent-1-background-color has-text-color has-background has-normal-font-size\">Direction : Prof. Dr. Margot Brink<br>Contact : Margot.Brink@uni-flensburg.de<\/p>\n\n\n\n<figure class=\"wp-block-image size-large is-resized\"><img loading=\"lazy\" decoding=\"async\" width=\"998\" height=\"1024\" src=\"https:\/\/canoff.de\/wp-content\/uploads\/2024\/01\/Foto-Team-Franzoesisch-EUF-998x1024.jpg\" alt=\"\" class=\"wp-image-526\" style=\"width:465px;height:auto\" srcset=\"https:\/\/canoff.de\/wp-content\/uploads\/2024\/01\/Foto-Team-Franzoesisch-EUF-998x1024.jpg 998w, https:\/\/canoff.de\/wp-content\/uploads\/2024\/01\/Foto-Team-Franzoesisch-EUF-292x300.jpg 292w, https:\/\/canoff.de\/wp-content\/uploads\/2024\/01\/Foto-Team-Franzoesisch-EUF-768x788.jpg 768w, https:\/\/canoff.de\/wp-content\/uploads\/2024\/01\/Foto-Team-Franzoesisch-EUF-1497x1536.jpg 1497w, https:\/\/canoff.de\/wp-content\/uploads\/2024\/01\/Foto-Team-Franzoesisch-EUF-1995x2048.jpg 1995w, https:\/\/canoff.de\/wp-content\/uploads\/2024\/01\/Foto-Team-Franzoesisch-EUF-195x200.jpg 195w\" sizes=\"auto, (max-width: 998px) 100vw, 998px\" \/><\/figure>\n<\/div>\n<\/div>\n","protected":false},"excerpt":{"rendered":"<p>Le site Canoff de Flensburg est port\u00e9 par le d\u00e9partement de fran\u00e7ais et est un centre pour toutes les disciplines de l&#8217;Europa-Universit\u00e4t Flensburg qui abordent de la France et de la francophonie dans la recherche, l&#8217;enseignement et le transfert de connaissances. Le rattachement \u00e0 l&#8218;International Center for European Studies (ICES) &hellip;<\/p>\n","protected":false},"author":1,"featured_media":530,"comment_status":"closed","ping_status":"closed","sticky":false,"template":"","format":"standard","meta":{"footnotes":""},"categories":[57],"tags":[],"class_list":["post-542","post","type-post","status-publish","format-standard","has-post-thumbnail","hentry","category-nicht-kategorisiert-fr"],"_links":{"self":[{"href":"https:\/\/canoff.de\/index.php?rest_route=\/wp\/v2\/posts\/542","targetHints":{"allow":["GET"]}}],"collection":[{"href":"https:\/\/canoff.de\/index.php?rest_route=\/wp\/v2\/posts"}],"about":[{"href":"https:\/\/canoff.de\/index.php?rest_route=\/wp\/v2\/types\/post"}],"author":[{"embeddable":true,"href":"https:\/\/canoff.de\/index.php?rest_route=\/wp\/v2\/users\/1"}],"replies":[{"embeddable":true,"href":"https:\/\/canoff.de\/index.php?rest_route=%2Fwp%2Fv2%2Fcomments&post=542"}],"version-history":[{"count":2,"href":"https:\/\/canoff.de\/index.php?rest_route=\/wp\/v2\/posts\/542\/revisions"}],"predecessor-version":[{"id":545,"href":"https:\/\/canoff.de\/index.php?rest_route=\/wp\/v2\/posts\/542\/revisions\/545"}],"wp:featuredmedia":[{"embeddable":true,"href":"https:\/\/canoff.de\/index.php?rest_route=\/wp\/v2\/media\/530"}],"wp:attachment":[{"href":"https:\/\/canoff.de\/index.php?rest_route=%2Fwp%2Fv2%2Fmedia&parent=542"}],"wp:term":[{"taxonomy":"category","embeddable":true,"href":"https:\/\/canoff.de\/index.php?rest_route=%2Fwp%2Fv2%2Fcategories&post=542"},{"taxonomy":"post_tag","embeddable":true,"href":"https:\/\/canoff.de\/index.php?rest_route=%2Fwp%2Fv2%2Ftags&post=542"}],"curies":[{"name":"wp","href":"https:\/\/api.w.org\/{rel}","templated":true}]}}