{"id":489,"date":"2024-01-09T16:04:40","date_gmt":"2024-01-09T15:04:40","guid":{"rendered":"https:\/\/canoff.de\/?p=489"},"modified":"2026-01-13T16:24:01","modified_gmt":"2026-01-13T15:24:01","slug":"le-site-de-breme-se-presente","status":"publish","type":"post","link":"https:\/\/canoff.de\/?p=489&lang=fr","title":{"rendered":"Le site de Br\u00eame se pr\u00e9sente"},"content":{"rendered":"\n<div class=\"wp-block-columns is-layout-flex wp-container-core-columns-is-layout-9d6595d7 wp-block-columns-is-layout-flex\">\n<div class=\"wp-block-column is-layout-flow wp-block-column-is-layout-flow\">\n<p>A Br\u00eame, le site est g\u00e9r\u00e9 et anim\u00e9 par l&#8216;<a href=\"http:\/\/uni-bremen.de\/fb-10\/studium\/romanistik\/franzoesische-literaturwissenschaft\" target=\"_blank\" rel=\"noreferrer noopener\">AG Franz\u00f6sische Literaturwissenschaft<\/a>. L&#8217;\u00e9quipe est passionn\u00e9e par le travail et l&#8217;enseignement des litt\u00e9ratures francophones et de leurs contextes. Elles sont heureux de transmettre leur passion \u00e0 la sc\u00e8ne br\u00eamoise !<\/p>\n\n\n\n<p>Elles sont r\u00e9guli\u00e8rement invit\u00e9s \u00e0 la librairie Storm et y organisent la <a href=\"http:\/\/uni-bremen.de\/fb-10\/studium\/romanistik\/franzoesische-literaturwissenschaft\/actualite\/details\/rentree-litteraire-2023\" target=\"_blank\" rel=\"noreferrer noopener\">Rentr\u00e9e Litt\u00e9raire<\/a> en coop\u00e9ration avec l&#8216;<a href=\"http:\/\/dfg-bremen.org\" target=\"_blank\" rel=\"noreferrer noopener\">association franco-allemande de Br\u00eame<\/a>. De plus, l&#8217;\u00e9quipe coop\u00e8re avec l&#8216;<a href=\"http:\/\/institutfrancais.de\/de#\/\" target=\"_blank\" rel=\"noreferrer noopener\">Institut Fran\u00e7ais de Br\u00eame<\/a> et le festival de Br\u00eame pour la litt\u00e9rature transfrontali\u00e8re, <a href=\"https:\/\/globale-literaturfestival.de\" target=\"_blank\" rel=\"noreferrer noopener\">globale\u00b0<\/a>, pour de nombreuses lectures et la semaine du film fran\u00e7ais.<\/p>\n\n\n\n<p>L&#8217;accent est mis sur la recherche en mati\u00e8re de bande dessin\u00e9e et la <a href=\"http:\/\/uni-bremen.de\/fb-10\/studium\/romanistik\/franzoesische-literaturwissenschaft\/canoff-mediathek\" target=\"_blank\" rel=\"noreferrer noopener\">m\u00e9diath\u00e8que<\/a> propose ainsi, au-del\u00e0 d&#8217;une s\u00e9lection raffin\u00e9e d&#8217;anciennes \u00e9ditions classiques, un aper\u00e7u d&#8217;un grand nombre de BD. La m\u00e9diath\u00e8que se trouve au GW2 B.3382 et est toujours ouverte le mardi de 14h30 \u00e0 16h30.<\/p>\n\n\n\n<p><a href=\"http:\/\/cdn.knightlab.com\/libs\/timeline3\/latest\/embed\/index.html?source=1-wm6Uj-tFiRCbsep-RQHIhpYSAM2UXkMf9Xki9KUK1Y&amp;font=Default&amp;lang=de&amp;initial_zoom=2&amp;height=650\" target=\"_blank\" rel=\"noreferrer noopener\">BIFLiK<\/a> &#8211; Histoire interactive de la litt\u00e9rature et de la culture fran\u00e7aises \u00e0 Br\u00eame &#8211; est un projet d&#8217;enseignement interactif qui se d\u00e9veloppe en continue. En collaboration avec leurs \u00e9tudiants, les enseignants et les assistants \u00e9tudiants de l&#8217;AG Struve ont mis en pratique ce projet litt\u00e9raire num\u00e9rique. Le site est \u00e9crit et con\u00e7u par des \u00e9tudiants de fran\u00e7ais pour d&#8217;autres \u00e9tudiants.<\/p>\n<\/div>\n\n\n\n<div class=\"wp-block-column is-layout-flow wp-block-column-is-layout-flow\">\n<p class=\"has-sitebg-color has-accent-1-background-color has-text-color has-background\">Direction : Prof. Dr. Karen Struve<br>Gestion : Dr. Johanne Mohs<br>Contact : canoff@uni-bremen.de<\/p>\n\n\n\n<figure class=\"wp-block-image size-full\"><img loading=\"lazy\" decoding=\"async\" width=\"528\" height=\"427\" src=\"https:\/\/canoff.de\/wp-content\/uploads\/2023\/11\/Buecherherbst.jpg\" alt=\"\" class=\"wp-image-422\" srcset=\"https:\/\/canoff.de\/wp-content\/uploads\/2023\/11\/Buecherherbst.jpg 528w, https:\/\/canoff.de\/wp-content\/uploads\/2023\/11\/Buecherherbst-300x243.jpg 300w, https:\/\/canoff.de\/wp-content\/uploads\/2023\/11\/Buecherherbst-247x200.jpg 247w\" sizes=\"auto, (max-width: 528px) 100vw, 528px\" \/><\/figure>\n<\/div>\n<\/div>\n","protected":false},"excerpt":{"rendered":"<p>A Br\u00eame, le site est g\u00e9r\u00e9 et anim\u00e9 par l&#8216;AG Franz\u00f6sische Literaturwissenschaft. L&#8217;\u00e9quipe est passionn\u00e9e par le travail et l&#8217;enseignement des litt\u00e9ratures francophones et de leurs contextes. Elles sont heureux de transmettre leur passion \u00e0 la sc\u00e8ne br\u00eamoise ! Elles sont r\u00e9guli\u00e8rement invit\u00e9s \u00e0 la librairie Storm et y organisent &hellip;<\/p>\n","protected":false},"author":1,"featured_media":424,"comment_status":"closed","ping_status":"closed","sticky":false,"template":"","format":"standard","meta":{"footnotes":""},"categories":[57],"tags":[],"class_list":["post-489","post","type-post","status-publish","format-standard","has-post-thumbnail","hentry","category-nicht-kategorisiert-fr"],"_links":{"self":[{"href":"https:\/\/canoff.de\/index.php?rest_route=\/wp\/v2\/posts\/489","targetHints":{"allow":["GET"]}}],"collection":[{"href":"https:\/\/canoff.de\/index.php?rest_route=\/wp\/v2\/posts"}],"about":[{"href":"https:\/\/canoff.de\/index.php?rest_route=\/wp\/v2\/types\/post"}],"author":[{"embeddable":true,"href":"https:\/\/canoff.de\/index.php?rest_route=\/wp\/v2\/users\/1"}],"replies":[{"embeddable":true,"href":"https:\/\/canoff.de\/index.php?rest_route=%2Fwp%2Fv2%2Fcomments&post=489"}],"version-history":[{"count":13,"href":"https:\/\/canoff.de\/index.php?rest_route=\/wp\/v2\/posts\/489\/revisions"}],"predecessor-version":[{"id":1420,"href":"https:\/\/canoff.de\/index.php?rest_route=\/wp\/v2\/posts\/489\/revisions\/1420"}],"wp:featuredmedia":[{"embeddable":true,"href":"https:\/\/canoff.de\/index.php?rest_route=\/wp\/v2\/media\/424"}],"wp:attachment":[{"href":"https:\/\/canoff.de\/index.php?rest_route=%2Fwp%2Fv2%2Fmedia&parent=489"}],"wp:term":[{"taxonomy":"category","embeddable":true,"href":"https:\/\/canoff.de\/index.php?rest_route=%2Fwp%2Fv2%2Fcategories&post=489"},{"taxonomy":"post_tag","embeddable":true,"href":"https:\/\/canoff.de\/index.php?rest_route=%2Fwp%2Fv2%2Ftags&post=489"}],"curies":[{"name":"wp","href":"https:\/\/api.w.org\/{rel}","templated":true}]}}