{"id":189,"date":"2023-06-05T23:12:14","date_gmt":"2023-06-05T21:12:14","guid":{"rendered":"https:\/\/canoff.de\/?p=189"},"modified":"2024-08-01T17:03:44","modified_gmt":"2024-08-01T15:03:44","slug":"canoff-eroeffnung-am-20-juni-2023-in-rostock","status":"publish","type":"post","link":"https:\/\/canoff.de\/?p=189","title":{"rendered":"Der Standort Rostock stellt sich vor"},"content":{"rendered":"\n<div class=\"wp-block-columns is-layout-flex wp-container-core-columns-is-layout-9d6595d7 wp-block-columns-is-layout-flex\">\n<div class=\"wp-block-column is-layout-flow wp-block-column-is-layout-flow\">\n<p>Der <a href=\"https:\/\/www.romanistik.uni-rostock.de\/arbeitsbereiche\/franzoesische-und-italienische-literaturwissenschaft\/uebersicht\/\" target=\"_blank\" rel=\"noreferrer noopener\">Standort Rostock<\/a> zeichnet sich durch sein interdisziplin\u00e4res und auf Geschichte und Gegenwart gleicherma\u00dfen gerichtetes Interesse aus.&nbsp;Veranstaltungen zu&nbsp;Literatur und Politik, Kultur und Gesellschaft, Sprache und Medien finden hier ihren Platz.<\/p>\n\n\n\n<p>Gerade im Nordosten Deutschlands gilt es, durch attraktive Angebote den Blick in Richtung Frankreich und Frankophonie zu richten und die Begeisterung f\u00fcr die franz\u00f6sische Sprache zu teilen.&nbsp;<\/p>\n\n\n\n<p>Der Standort will ankn\u00fcpfen an die alte&nbsp;Tradition der Hansestadt, die Menschen in Begegnung bringt und reisen l\u00e4sst. Und auch die regionalen&nbsp;K\u00fcnstlerkolonien des 19. Jahrhunderts (z.B. im benachbarten Ort Schwaan) haben die deutsch-franz\u00f6sischen Beziehungen der Region gepr\u00e4gt und bieten Ankn\u00fcpfungspunkte f\u00fcr neue Begegnungen mit dem Nachbarland.&nbsp;Studentische Exkursionen nach Frankreich und zu franz\u00f6sischen Kulturveranstaltungen sind geplant, Film- und Musikabende sowie das Format der Soir\u00e9e litt\u00e9raire und Podiumsgespr\u00e4che bringen Austausch mit und \u00fcber Frankreich und Frankophonie.<\/p>\n\n\n\n<p>Der Rostocker CaNoFF arbeitet eng mit dem<a href=\"https:\/\/www.institutfrancais.de\/de\/rostock#\/\" target=\"_blank\" rel=\"noreferrer noopener\"> Institut franco-allemand de Rostock<\/a> zusammen, um Ideen zu entwickeln und Projekte umzusetzen.<\/p>\n\n\n\n<p>Der Rostocker Student Marc Levy, der bei der Er\u00f6ffnungsveranstaltung in freudiger Erwartung seinen Aufenthalt als Fremdsprachenassistent (PAD) auf La R\u00e9union angek\u00fcndigt hat, ist nun erfolgreich zur\u00fcckgekehrt und berichtet von seinen <a href=\"https:\/\/canoff.de\/wp-content\/uploads\/2024\/05\/Fiche-dinformation-Ile-de-la-Reunion-komprimiert-1.pdf\" target=\"_blank\" rel=\"noreferrer noopener\">Erfahrungen<\/a>.\u00a0<\/p>\n\n\n\n<p>Der Ostsee-Wind verleiht uns Fl\u00fcgel!<\/p>\n\n\n\n<div class=\"wp-block-buttons is-layout-flex wp-block-buttons-is-layout-flex\">\n<div class=\"wp-block-button\"><a class=\"wp-block-button__link wp-element-button\" href=\"https:\/\/canoff.de\/?page_id=23\">Mehr \u00fcber CaNoFF&#8230;<\/a><\/div>\n<\/div>\n<\/div>\n\n\n\n<div class=\"wp-block-column is-layout-flow wp-block-column-is-layout-flow\">\n<p class=\"has-sitebg-color has-accent-1-background-color has-text-color has-background\">Leitung: Prof. Dr. Stephanie Wodianka<br>Kontakt: stephanie.wodianka@uni-rostock.de<br><\/p>\n\n\n\n<figure class=\"wp-block-image size-full\"><img loading=\"lazy\" decoding=\"async\" width=\"480\" height=\"640\" src=\"https:\/\/canoff.de\/wp-content\/uploads\/2023\/12\/Bild-Team-rotated-e1703066874525.jpg\" alt=\"\" class=\"wp-image-485\" srcset=\"https:\/\/canoff.de\/wp-content\/uploads\/2023\/12\/Bild-Team-rotated-e1703066874525.jpg 480w, https:\/\/canoff.de\/wp-content\/uploads\/2023\/12\/Bild-Team-rotated-e1703066874525-225x300.jpg 225w, https:\/\/canoff.de\/wp-content\/uploads\/2023\/12\/Bild-Team-rotated-e1703066874525-150x200.jpg 150w\" sizes=\"auto, (max-width: 480px) 100vw, 480px\" \/><figcaption class=\"wp-element-caption\">Foto: Privat<\/figcaption><\/figure>\n<\/div>\n<\/div>\n","protected":false},"excerpt":{"rendered":"<p>Der Standort Rostock zeichnet sich durch sein interdisziplin\u00e4res und auf Geschichte und Gegenwart gleicherma\u00dfen gerichtetes Interesse aus.\u00a0Veranstaltungen zu\u00a0Literatur und Politik, Kultur und Gesellschaft, Sprache und Medien finden hier ihren Platz.<\/p>\n","protected":false},"author":1,"featured_media":694,"comment_status":"closed","ping_status":"closed","sticky":false,"template":"","format":"standard","meta":{"footnotes":""},"categories":[1,50],"tags":[],"class_list":["post-189","post","type-post","status-publish","format-standard","has-post-thumbnail","hentry","category-allgemein","category-rostock"],"_links":{"self":[{"href":"https:\/\/canoff.de\/index.php?rest_route=\/wp\/v2\/posts\/189","targetHints":{"allow":["GET"]}}],"collection":[{"href":"https:\/\/canoff.de\/index.php?rest_route=\/wp\/v2\/posts"}],"about":[{"href":"https:\/\/canoff.de\/index.php?rest_route=\/wp\/v2\/types\/post"}],"author":[{"embeddable":true,"href":"https:\/\/canoff.de\/index.php?rest_route=\/wp\/v2\/users\/1"}],"replies":[{"embeddable":true,"href":"https:\/\/canoff.de\/index.php?rest_route=%2Fwp%2Fv2%2Fcomments&post=189"}],"version-history":[{"count":14,"href":"https:\/\/canoff.de\/index.php?rest_route=\/wp\/v2\/posts\/189\/revisions"}],"predecessor-version":[{"id":835,"href":"https:\/\/canoff.de\/index.php?rest_route=\/wp\/v2\/posts\/189\/revisions\/835"}],"wp:featuredmedia":[{"embeddable":true,"href":"https:\/\/canoff.de\/index.php?rest_route=\/wp\/v2\/media\/694"}],"wp:attachment":[{"href":"https:\/\/canoff.de\/index.php?rest_route=%2Fwp%2Fv2%2Fmedia&parent=189"}],"wp:term":[{"taxonomy":"category","embeddable":true,"href":"https:\/\/canoff.de\/index.php?rest_route=%2Fwp%2Fv2%2Fcategories&post=189"},{"taxonomy":"post_tag","embeddable":true,"href":"https:\/\/canoff.de\/index.php?rest_route=%2Fwp%2Fv2%2Ftags&post=189"}],"curies":[{"name":"wp","href":"https:\/\/api.w.org\/{rel}","templated":true}]}}