{"id":178,"date":"2023-06-05T23:20:00","date_gmt":"2023-06-05T21:20:00","guid":{"rendered":"https:\/\/canoff.de\/?p=178"},"modified":"2024-05-02T22:52:05","modified_gmt":"2024-05-02T20:52:05","slug":"eroeffnung-des-campus-nord-fuer-frankreich-frankophonie-in-flensburg","status":"publish","type":"post","link":"https:\/\/canoff.de\/?p=178","title":{"rendered":"Der Standort Flensburg stellt sich vor"},"content":{"rendered":"\n<div class=\"wp-block-columns is-layout-flex wp-container-core-columns-is-layout-9d6595d7 wp-block-columns-is-layout-flex\">\n<div class=\"wp-block-column is-layout-flow wp-block-column-is-layout-flow\">\n<p>Der Canoff-Standort Flensburg wird von der Abteilung Franz\u00f6sisch getragen und versteht sich als ein Zentrum f\u00fcr alle Disziplinen der Europa-Universit\u00e4t Flensburg, die sich in Forschung, Lehre und Wissenstransfer mit Frankreich und der Frankophonie auseinandersetzen. Die Anbindung an das\u00a0<em><a href=\"https:\/\/www.uni-flensburg.de\/ices\" target=\"_blank\" rel=\"noreferrer noopener\">Interdisciplinary Center for European Studies\u00a0(ICES)<\/a><\/em> unterstreicht diese interdisziplin\u00e4re Ausrichtung, die wir in den kommenden Jahren entwickeln und st\u00e4rken wollen.\u00a0<\/p>\n\n\n\n<p>Bestimmend f\u00fcr unser Profil ist au\u00dferdem, dass wir uns mit regionalen Akteur*innen aus Bildung, Kultur und Zivilgesellschaft vernetzen. Kooperationen bestehen bereits mit Schulen, dem&nbsp;<em><a href=\"https:\/\/www.institutfrancais.de\/de\/kiel#\/\">Institut Fran\u00e7ais de Kiel<\/a><\/em> sowie verschiedenen Kulturinstitutionen im Flensburger Raum.&nbsp;&nbsp;<\/p>\n\n\n\n<p>Mit verschiedenen Veranstaltungsformaten wie z.B. \u00dcbersetzungsworkshops, Lesungen, Gastvortr\u00e4gen, Tagungen, Kooperationen bei schulischen Lesewettbewerben oder Veranstaltungen zur&nbsp;<em><a href=\"https:\/\/www.uni-flensburg.de\/romanisches-seminar\/forschung-projekte\/abgeschlossene-projekte\/soiree-rentree-litteraire?sword_list%5B0%5D=litt\u00e9raire&amp;no_cache=1\" data-type=\"link\" data-id=\"https:\/\/www.uni-flensburg.de\/romanisches-seminar\/forschung-projekte\/abgeschlossene-projekte\/soiree-rentree-litteraire?sword_list%5B0%5D=litt\u00e9raire&amp;no_cache=1\">Rentr\u00e9e litt\u00e9raire<\/a><\/em> wollen wir die franz\u00f6sische Sprache, Frankreich und die Frankophonie im Norden kulturell repr\u00e4sentieren, wissenschaftlich reflektieren und erlebbar machen.<\/p>\n\n\n\n<p>Melden Sie sich gerne, wenn Sie Ideen teilen, kooperieren, Mitglied werden oder einfach nur auf dem Laufendem bleiben wollen. Wir freuen uns \u00fcber Ihr Interesse!<\/p>\n\n\n\n<div class=\"wp-block-buttons is-layout-flex wp-block-buttons-is-layout-flex\">\n<div class=\"wp-block-button\"><a class=\"wp-block-button__link wp-element-button\" href=\"https:\/\/canoff.de\/?page_id=23\">Mehr \u00fcber CaNoFF&#8230;<\/a><\/div>\n<\/div>\n<\/div>\n\n\n\n<div class=\"wp-block-column is-layout-flow wp-block-column-is-layout-flow\">\n<p class=\"has-sitebg-color has-accent-1-background-color has-text-color has-background has-normal-font-size\">Leitung: Prof. Dr. Margot Brink<br>Kontakt: Margot.Brink@uni-flensburg.de<\/p>\n\n\n\n<figure class=\"wp-block-image size-large is-resized\"><img loading=\"lazy\" decoding=\"async\" width=\"998\" height=\"1024\" src=\"https:\/\/canoff.de\/wp-content\/uploads\/2024\/01\/Foto-Team-Franzoesisch-EUF-998x1024.jpg\" alt=\"\" class=\"wp-image-526\" style=\"width:473px;height:auto\" srcset=\"https:\/\/canoff.de\/wp-content\/uploads\/2024\/01\/Foto-Team-Franzoesisch-EUF-998x1024.jpg 998w, https:\/\/canoff.de\/wp-content\/uploads\/2024\/01\/Foto-Team-Franzoesisch-EUF-292x300.jpg 292w, https:\/\/canoff.de\/wp-content\/uploads\/2024\/01\/Foto-Team-Franzoesisch-EUF-768x788.jpg 768w, https:\/\/canoff.de\/wp-content\/uploads\/2024\/01\/Foto-Team-Franzoesisch-EUF-1497x1536.jpg 1497w, https:\/\/canoff.de\/wp-content\/uploads\/2024\/01\/Foto-Team-Franzoesisch-EUF-1995x2048.jpg 1995w, https:\/\/canoff.de\/wp-content\/uploads\/2024\/01\/Foto-Team-Franzoesisch-EUF-195x200.jpg 195w\" sizes=\"auto, (max-width: 998px) 100vw, 998px\" \/><\/figure>\n<\/div>\n<\/div>\n\n\n\n<div class=\"wp-block-columns is-layout-flex wp-container-core-columns-is-layout-9d6595d7 wp-block-columns-is-layout-flex\">\n<div class=\"wp-block-column is-layout-flow wp-block-column-is-layout-flow\"><\/div>\n\n\n\n<div class=\"wp-block-column is-layout-flow wp-block-column-is-layout-flow\"><\/div>\n<\/div>\n\n\n\n<div class=\"wp-block-columns is-layout-flex wp-container-core-columns-is-layout-9d6595d7 wp-block-columns-is-layout-flex\">\n<div class=\"wp-block-column is-layout-flow wp-block-column-is-layout-flow\"><\/div>\n\n\n\n<div class=\"wp-block-column is-layout-flow wp-block-column-is-layout-flow\"><\/div>\n<\/div>\n","protected":false},"excerpt":{"rendered":"<p>Der Canoff-Standort Flensburg wird von der Abteilung Franz\u00f6sisch getragen und versteht sich als ein Zentrum f\u00fcr alle Disziplinen der Europa-Universit\u00e4t Flensburg, die sich in Forschung, Lehre und Wissenstransfer mit Frankreich und der Frankophonie auseinandersetzen. Die Anbindung an das Interdisciplinary Center for European Studies (ICES) unterstreicht diese interdisziplin\u00e4re Ausrichtung, die wir in den kommenden Jahren entwickeln und st\u00e4rken wollen. <\/p>\n","protected":false},"author":1,"featured_media":294,"comment_status":"closed","ping_status":"closed","sticky":false,"template":"","format":"standard","meta":{"footnotes":""},"categories":[1,51],"tags":[],"class_list":["post-178","post","type-post","status-publish","format-standard","has-post-thumbnail","hentry","category-allgemein","category-flensburg"],"_links":{"self":[{"href":"https:\/\/canoff.de\/index.php?rest_route=\/wp\/v2\/posts\/178","targetHints":{"allow":["GET"]}}],"collection":[{"href":"https:\/\/canoff.de\/index.php?rest_route=\/wp\/v2\/posts"}],"about":[{"href":"https:\/\/canoff.de\/index.php?rest_route=\/wp\/v2\/types\/post"}],"author":[{"embeddable":true,"href":"https:\/\/canoff.de\/index.php?rest_route=\/wp\/v2\/users\/1"}],"replies":[{"embeddable":true,"href":"https:\/\/canoff.de\/index.php?rest_route=%2Fwp%2Fv2%2Fcomments&post=178"}],"version-history":[{"count":25,"href":"https:\/\/canoff.de\/index.php?rest_route=\/wp\/v2\/posts\/178\/revisions"}],"predecessor-version":[{"id":714,"href":"https:\/\/canoff.de\/index.php?rest_route=\/wp\/v2\/posts\/178\/revisions\/714"}],"wp:featuredmedia":[{"embeddable":true,"href":"https:\/\/canoff.de\/index.php?rest_route=\/wp\/v2\/media\/294"}],"wp:attachment":[{"href":"https:\/\/canoff.de\/index.php?rest_route=%2Fwp%2Fv2%2Fmedia&parent=178"}],"wp:term":[{"taxonomy":"category","embeddable":true,"href":"https:\/\/canoff.de\/index.php?rest_route=%2Fwp%2Fv2%2Fcategories&post=178"},{"taxonomy":"post_tag","embeddable":true,"href":"https:\/\/canoff.de\/index.php?rest_route=%2Fwp%2Fv2%2Ftags&post=178"}],"curies":[{"name":"wp","href":"https:\/\/api.w.org\/{rel}","templated":true}]}}