{"id":1723,"date":"2026-04-23T08:02:06","date_gmt":"2026-04-23T06:02:06","guid":{"rendered":"https:\/\/canoff.de\/?p=1723"},"modified":"2026-04-28T15:14:57","modified_gmt":"2026-04-28T13:14:57","slug":"ausstellung-poser-pour-la-liberte-standing-for-freedom-mit-vernissage-und-finissage","status":"publish","type":"post","link":"https:\/\/canoff.de\/?p=1723","title":{"rendered":"Ausstellung &#8222;Poser pour la libert\u00e9 | Standing for Freedom&#8220; mit Vernissage und Finissage"},"content":{"rendered":"\n<h2 class=\"wp-block-heading\">Die Idee der Ausstellung<\/h2>\n\n\n\n<div class=\"wp-block-columns is-layout-flex wp-container-core-columns-is-layout-9d6595d7 wp-block-columns-is-layout-flex\">\n<div class=\"wp-block-column is-layout-flow wp-block-column-is-layout-flow\" style=\"flex-basis:66.66%\">\n<p>Was bedeutet es, als Wissenschaftler*in das eigene Land verlassen zu m\u00fcssen? Wie steht es um die Wissenschaftsfreiheit und das&nbsp;<strong>Wissenschaftsexil<\/strong>&nbsp;in Europa? Dies sind Themen der Ausstellung \u201eStanding for Freedom \u2013 Poser pour la libert\u00e9\u201c, in deren Mittelpunkt Forschende im Exil und das Thema des Wissenschaftsexils stehen. Zu sehen war die Ausstellung&nbsp;<strong>vom 25. M\u00e4rz bis zum 15. April<\/strong>&nbsp;in der neuen Kassenhalle im alten Sparkassengeb\u00e4ude am Brill. Dem&nbsp;<strong>CaNoFF (Campus Nord f\u00fcr Frankreich und Frankofonie)<\/strong>&nbsp;und der Universit\u00e4t Bremen war es mit finanzieller Unterst\u00fctzung des&nbsp;<strong>Institut fran\u00e7ais d\u2019Allemagne (Berlin)<\/strong>&nbsp;gelungen, diese wichtige Ausstellung auch in Bremen zeigen zu k\u00f6nnen. Er\u00f6ffnet wurde die Ausstellung mit einer&nbsp;<strong>Vernissage am 25. M\u00e4rz um 18:00 Uhr in Anwesenheit des Fotografen und Co-Kurators Pierre-J\u00e9r\u00f4me Adjedj<\/strong>, der eine Einf\u00fchrung in das Thema und die Gestaltung der Ausstellung gegeben hat.<br><br>Im Mittelpunkt der englisch- und franz\u00f6sischsprachigen Ausstellung stehen f\u00fcnfzehn&nbsp;<strong>Portr\u00e4ts von Wissenschaftler*innen<\/strong>, die ins Exil gezwungen wurden. Der thematische Bogen der Ausstellung ist weit gespannt, er reicht von der Geschichte des Wissenschaftsasyls \u00fcber Forschende in Lebensgefahr, Wissenschaft im Exil bis hin zu aktiven Formen der Solidarit\u00e4t.<\/p>\n\n\n\n<p>Die Ausstellung ist an der Schnittstelle zwischen wissenschaftlicher Forschung und Kunst entstanden: Ausgangspunkt war das Forschungs- und Kreativprojekt Blick auf das erzwungene wissenschaftliche Exil von gestern und heute (RESTRICA), das von&nbsp;<strong>Pascale Laborier<\/strong>, Professorin an der Universit\u00e4t Paris-Nanterre am Institut des sciences sociales du politique und dem Fotografen&nbsp;<strong>Pierre-J\u00e9r\u00f4me Adjedj<\/strong>&nbsp;entwickelt wurde. In Zusammenarbeit mit dem&nbsp;<strong>PAUSE-Programm (Programme national d\u2019accueil en urgence des scientifiques en exil)<\/strong>&nbsp;und der&nbsp;<strong>Open Society Foundation<\/strong> wurden 55 Portr\u00e4ts von exilierten Akademikern und ihren Gastgebern erstellt. Die Ausstellung zeigt 15 dieser Portr\u00e4ts. Der Katalog zur Ausstellung enth\u00e4lt weitere der Portr\u00e4ts sowie von den fotografierten Personen verfasste Texte.<\/p>\n\n\n\n<p>Seit ihrer Entstehung im M\u00e4rz 2021 in der Cit\u00e9 du Design in Saint-\u00c9tienne wurde die Ausstellung 27 Mal in Frankreich, Deutschland, Belgien, Uruguay und den USA gezeigt (weitere Informationen finden&nbsp;Sie auf der Website&nbsp;<a href=\"http:\/\/www.standingforfreedom.eu\/\">www.standingforfreedom.eu<\/a>).<\/p>\n<\/div>\n\n\n\n<div class=\"wp-block-column is-layout-flow wp-block-column-is-layout-flow\" style=\"flex-basis:33.33%\">\n<figure class=\"wp-block-image size-full\"><img loading=\"lazy\" decoding=\"async\" width=\"9933\" height=\"14043\" src=\"https:\/\/canoff.de\/wp-content\/uploads\/2026\/03\/Poster_International_300dpi_Version_1.jpg\" alt=\"\" class=\"wp-image-1634\"\/><\/figure>\n<\/div>\n<\/div>\n\n\n\n<h2 class=\"wp-block-heading\">Vernissage<\/h2>\n\n\n\n<div class=\"wp-block-columns is-layout-flex wp-container-core-columns-is-layout-9d6595d7 wp-block-columns-is-layout-flex\">\n<div class=\"wp-block-column is-layout-flow wp-block-column-is-layout-flow\">\n<figure class=\"wp-block-image size-full\"><img decoding=\"async\" src=\"https:\/\/canoff.de\/wp-content\/uploads\/2026\/04\/IMG_E4839-1.heic\" alt=\"\" class=\"wp-image-1748\"\/><figcaption class=\"wp-element-caption\">\u00a9 Pauline Blache<\/figcaption><\/figure>\n<\/div>\n\n\n\n<div class=\"wp-block-column is-layout-flow wp-block-column-is-layout-flow\">\n<p>Bei der Vernissage war der K\u00fcnstler Pierre-J\u00e9r\u00f4me Adjedj pers\u00f6nlich anwesend und hat nach einer Einf\u00fchrung durch Dr. Johanne Mohs \u00fcber die Entstehungsgeschichte, die <em>philosophischen<\/em> Ideen sowie die besondere Aufnahmesituation der Fotografien gesprochen. Hierbei wurde mit Spiegeln gearbeitet, um den Effekt mehrerer &#8222;Ebenen&#8220; zu erzeugen, die im endg\u00fcltigen Bild \u00fcbereinander liegen. Dies geschieht nicht durch Mehrfachbelichtung und Nachbearbeitung, sondern durch eine einzige Momentaufnahme, die eine 1\u20132 min\u00fctige Belichtungszeit erfordert, w\u00e4hrend welcher die Wissenschaftler:innen komplett still halten m\u00fcssen. Auf diesen verschiedenen Ebenen sind diverse, f\u00fcr die jeweilige Forscher:in oder K\u00fcnstler:in wichtige Objekte zu erkennen, die sowohl die Zeit vor dem Exil als auch die Zeit nach dem Exil darstellen und symbolisieren. Auf Plexiglas gedruckt ergibt dies eine ineinander \u00fcbergehende, mehrschichtige Durchsichtigkeit. Dem K\u00fcnstler ist mitunter wichtig, dass die Forscher:innen und K\u00fcnstler:innen nicht nur dadurch definiert oder darauf reduziert werden, dass sie exiliert sind \u2013 wie es leider zu oft passiert \u2013 sondern dass ihre Identit\u00e4t vor dem Exil nicht vergessen wird.<\/p>\n\n\n\n<div style=\"height:20px\" aria-hidden=\"true\" class=\"wp-block-spacer\"><\/div>\n<\/div>\n<\/div>\n\n\n\n<figure class=\"wp-block-gallery has-nested-images columns-default is-cropped wp-block-gallery-1 is-layout-flex wp-block-gallery-is-layout-flex\">\n<figure class=\"wp-block-image size-large\"><img loading=\"lazy\" decoding=\"async\" width=\"768\" height=\"1024\" data-id=\"1725\" src=\"https:\/\/canoff.de\/wp-content\/uploads\/2026\/04\/IMG_5411-768x1024.jpeg\" alt=\"\" class=\"wp-image-1725\" srcset=\"https:\/\/canoff.de\/wp-content\/uploads\/2026\/04\/IMG_5411-768x1024.jpeg 768w, https:\/\/canoff.de\/wp-content\/uploads\/2026\/04\/IMG_5411-225x300.jpeg 225w, https:\/\/canoff.de\/wp-content\/uploads\/2026\/04\/IMG_5411-1152x1536.jpeg 1152w, https:\/\/canoff.de\/wp-content\/uploads\/2026\/04\/IMG_5411-1536x2048.jpeg 1536w, https:\/\/canoff.de\/wp-content\/uploads\/2026\/04\/IMG_5411-150x200.jpeg 150w, https:\/\/canoff.de\/wp-content\/uploads\/2026\/04\/IMG_5411-scaled.jpeg 1920w\" sizes=\"auto, (max-width: 768px) 100vw, 768px\" \/><figcaption class=\"wp-element-caption\">\u00a9 Yannick Lemasson<\/figcaption><\/figure>\n\n\n\n<figure class=\"wp-block-image size-large\"><img loading=\"lazy\" decoding=\"async\" width=\"1024\" height=\"768\" data-id=\"1726\" src=\"https:\/\/canoff.de\/wp-content\/uploads\/2026\/04\/IMG_5404-1-1024x768.jpeg\" alt=\"\" class=\"wp-image-1726\" srcset=\"https:\/\/canoff.de\/wp-content\/uploads\/2026\/04\/IMG_5404-1-1024x768.jpeg 1024w, https:\/\/canoff.de\/wp-content\/uploads\/2026\/04\/IMG_5404-1-300x225.jpeg 300w, https:\/\/canoff.de\/wp-content\/uploads\/2026\/04\/IMG_5404-1-768x576.jpeg 768w, https:\/\/canoff.de\/wp-content\/uploads\/2026\/04\/IMG_5404-1-1536x1152.jpeg 1536w, https:\/\/canoff.de\/wp-content\/uploads\/2026\/04\/IMG_5404-1-2048x1536.jpeg 2048w, https:\/\/canoff.de\/wp-content\/uploads\/2026\/04\/IMG_5404-1-267x200.jpeg 267w\" sizes=\"auto, (max-width: 1024px) 100vw, 1024px\" \/><figcaption class=\"wp-element-caption\">\u00a9 Yannick Lemasson<\/figcaption><\/figure>\n\n\n\n<figure class=\"wp-block-image size-large\"><img loading=\"lazy\" decoding=\"async\" width=\"768\" height=\"1024\" data-id=\"1724\" src=\"https:\/\/canoff.de\/wp-content\/uploads\/2026\/04\/IMG_5410-768x1024.jpeg\" alt=\"\" class=\"wp-image-1724\" srcset=\"https:\/\/canoff.de\/wp-content\/uploads\/2026\/04\/IMG_5410-768x1024.jpeg 768w, https:\/\/canoff.de\/wp-content\/uploads\/2026\/04\/IMG_5410-225x300.jpeg 225w, https:\/\/canoff.de\/wp-content\/uploads\/2026\/04\/IMG_5410-1152x1536.jpeg 1152w, https:\/\/canoff.de\/wp-content\/uploads\/2026\/04\/IMG_5410-1536x2048.jpeg 1536w, https:\/\/canoff.de\/wp-content\/uploads\/2026\/04\/IMG_5410-150x200.jpeg 150w, https:\/\/canoff.de\/wp-content\/uploads\/2026\/04\/IMG_5410-scaled.jpeg 1920w\" sizes=\"auto, (max-width: 768px) 100vw, 768px\" \/><figcaption class=\"wp-element-caption\">\u00a9 Yannick Lemasson<\/figcaption><\/figure>\n<\/figure>\n\n\n\n<h2 class=\"wp-block-heading\">Finissage<\/h2>\n\n\n\n<div class=\"wp-block-columns is-layout-flex wp-container-core-columns-is-layout-9d6595d7 wp-block-columns-is-layout-flex\">\n<div class=\"wp-block-column is-layout-flow wp-block-column-is-layout-flow\">\n<p>Im Rahmen der Finissage hat ein Podiumsgespr\u00e4ch mit der Ethnologin und Kulturwissenschaftlerin&nbsp;<strong>Cordula Wei\u00dfk\u00f6ppel&nbsp;<\/strong>von der Universit\u00e4t Bremen und dem Bremer Autor und PEN-Deutschland-Vertreter&nbsp;<strong>Andreas Rumler&nbsp;<\/strong>\u00fcber die Arbeits- und Lebensbedingungen von Wissenschaftler:innen und Autor:innen im Exil stattgefunden. <\/p>\n\n\n\n<p>Welche Auswirkungen haben die oft traumatischen Fluchterfahrungen auf die Betroffenen? Welche M\u00f6glichkeiten finden Sie in Deutschland vor, um Ihrer Arbeit weiterhin nachgehen zu k\u00f6nnen? Diesen Fragen wurde in der Podiumsdiskussion nachgegangen und es wurden interessante Antworten aus zwei verschiedenen Perspektiven produktiv gegen\u00fcbergestellt. Das Publikum hat sich dabei auch rege eingebracht und mit zu diesen spannenden und wichtigen Fragen diskutiert.<br>Im Nachgang an die Diskussion wurde das Gespr\u00e4ch bei Getr\u00e4nken und ein paar Snacks ge\u00f6ffnet, wodurch sich nicht nur ein sch\u00f6ner Abend sondern auch die Ausstellung passend schlie\u00dft.<br><\/p>\n<\/div>\n\n\n\n<div class=\"wp-block-column is-layout-flow wp-block-column-is-layout-flow\">\n<figure class=\"wp-block-image size-large\"><img loading=\"lazy\" decoding=\"async\" width=\"1024\" height=\"683\" src=\"https:\/\/canoff.de\/wp-content\/uploads\/2026\/04\/YLE00751-1024x683.jpg\" alt=\"\" class=\"wp-image-1728\" srcset=\"https:\/\/canoff.de\/wp-content\/uploads\/2026\/04\/YLE00751-1024x683.jpg 1024w, https:\/\/canoff.de\/wp-content\/uploads\/2026\/04\/YLE00751-300x200.jpg 300w, https:\/\/canoff.de\/wp-content\/uploads\/2026\/04\/YLE00751-768x512.jpg 768w, https:\/\/canoff.de\/wp-content\/uploads\/2026\/04\/YLE00751-1536x1024.jpg 1536w, https:\/\/canoff.de\/wp-content\/uploads\/2026\/04\/YLE00751-2048x1365.jpg 2048w\" sizes=\"auto, (max-width: 1024px) 100vw, 1024px\" \/><figcaption class=\"wp-element-caption\">\u00a9 Yannick Lemasson<\/figcaption><\/figure>\n<\/div>\n<\/div>\n","protected":false},"excerpt":{"rendered":"<p>Die Idee der Ausstellung Was bedeutet es, als Wissenschaftler*in das eigene Land verlassen zu m\u00fcssen? Wie steht es um die Wissenschaftsfreiheit und das&nbsp;Wissenschaftsexil&nbsp;in Europa? Dies sind Themen der Ausstellung \u201eStanding for Freedom \u2013 Poser pour la libert\u00e9\u201c, in deren Mittelpunkt Forschende im Exil und das Thema des Wissenschaftsexils stehen. Zu &hellip;<\/p>\n","protected":false},"author":1,"featured_media":0,"comment_status":"closed","ping_status":"closed","sticky":false,"template":"","format":"standard","meta":{"footnotes":""},"categories":[1],"tags":[],"class_list":["post-1723","post","type-post","status-publish","format-standard","hentry","category-allgemein"],"_links":{"self":[{"href":"https:\/\/canoff.de\/index.php?rest_route=\/wp\/v2\/posts\/1723","targetHints":{"allow":["GET"]}}],"collection":[{"href":"https:\/\/canoff.de\/index.php?rest_route=\/wp\/v2\/posts"}],"about":[{"href":"https:\/\/canoff.de\/index.php?rest_route=\/wp\/v2\/types\/post"}],"author":[{"embeddable":true,"href":"https:\/\/canoff.de\/index.php?rest_route=\/wp\/v2\/users\/1"}],"replies":[{"embeddable":true,"href":"https:\/\/canoff.de\/index.php?rest_route=%2Fwp%2Fv2%2Fcomments&post=1723"}],"version-history":[{"count":5,"href":"https:\/\/canoff.de\/index.php?rest_route=\/wp\/v2\/posts\/1723\/revisions"}],"predecessor-version":[{"id":1754,"href":"https:\/\/canoff.de\/index.php?rest_route=\/wp\/v2\/posts\/1723\/revisions\/1754"}],"wp:attachment":[{"href":"https:\/\/canoff.de\/index.php?rest_route=%2Fwp%2Fv2%2Fmedia&parent=1723"}],"wp:term":[{"taxonomy":"category","embeddable":true,"href":"https:\/\/canoff.de\/index.php?rest_route=%2Fwp%2Fv2%2Fcategories&post=1723"},{"taxonomy":"post_tag","embeddable":true,"href":"https:\/\/canoff.de\/index.php?rest_route=%2Fwp%2Fv2%2Ftags&post=1723"}],"curies":[{"name":"wp","href":"https:\/\/api.w.org\/{rel}","templated":true}]}}