{"id":1407,"date":"2026-01-13T16:12:55","date_gmt":"2026-01-13T15:12:55","guid":{"rendered":"https:\/\/canoff.de\/?p=1407"},"modified":"2026-01-13T16:12:55","modified_gmt":"2026-01-13T15:12:55","slug":"chapeau-la-premiere-edition-de-la-zukunftsmesse-nord-a-ete-un-franc-succes","status":"publish","type":"post","link":"https:\/\/canoff.de\/?p=1407&lang=fr","title":{"rendered":"Chapeau ! La premi\u00e8re \u00e9dition de la \u00ab Zukunftsmesse Nord \u00bb a \u00e9t\u00e9 un franc succ\u00e8s !"},"content":{"rendered":"\n<p>La premi\u00e8re \u00e9dition du salon \u00ab Zukunftsmesse Nord \u00bb a \u00e9t\u00e9 un franc succ\u00e8s : l&#8217;amphith\u00e9\u00e2tre \u00e9tait plein \u00e0 craquer lors des pl\u00e9ni\u00e8res, les stands \u00e9taient pris d&#8217;assaut et les micro-formations et pr\u00e9sentations sur des th\u00e8mes tels que \u00ab La lettre de candidature en fran\u00e7ais \u00bb ou \u00ab Les possibilit\u00e9s d&#8217;\u00e9tudes en France \u00bb ont \u00e9galement attir\u00e9 un public nombreux.<\/p>\n\n\n\n<p>1 400 \u00e9l\u00e8ves \u00e9taient inscrits \u00e0 ce premier salon franco-allemand de l&#8217;emploi, de la formation et de la pratique de ce type en Allemagne. Ils sont venus principalement de Br\u00eame, de ses environs et de tout le nord du pays pour se faire une id\u00e9e de ce \u00e0 quoi pourrait ressembler leur avenir en lien avec la francophonie. Sur plus de 30 stands tenus par des universit\u00e9s, des \u00e9coles sup\u00e9rieures, des instituts culturels et des associations, les jeunes ont pu s&#8217;informer sur les nombreuses possibilit\u00e9s d&#8217;int\u00e9grer le fran\u00e7ais dans leur formation et leur vie professionnelle, que ce soit dans le cadre de cursus de langues romanes ou bilingues, d&#8217;une ann\u00e9e sociale volontaire dans un pays francophone, de stages, de programmes d&#8217;\u00e9change ou d&#8217;entreprises et institutions fran\u00e7aises en Allemagne. Les \u00e9l\u00e8ves ont ainsi pu d\u00e9couvrir qu&#8217;apprendre le fran\u00e7ais, c&#8217;est bien plus que simplement ma\u00eetriser une langue.<\/p>\n\n\n\n<p>Les tables rondes r\u00e9unissant des repr\u00e9sentants du monde \u00e9conomique, l&#8217;ambassade de France, les organismes franco-allemands charg\u00e9s de l&#8217;\u00e9ducation et de la jeunesse, ARTE et l&#8217;Association des professeurs de fran\u00e7ais, il est clairement ressorti que la ma\u00eetrise du fran\u00e7ais permet d&#8217;acc\u00e9der \u00e0 un espace franco-allemand qui constitue le fondement et l&#8217;avenir de l&#8217;Europe, o\u00f9 les relations culturelles, mais surtout \u00e9conomiques, sont bas\u00e9es sur la confiance, l&#8217;\u00e9coute et le rapprochement mutuel. Enfin, les histoires d&#8217;amiti\u00e9 et d&#8217;amour racont\u00e9es dans les nombreux t\u00e9moignages pr\u00e9sent\u00e9s sur le podium ont montr\u00e9 \u00e0 quel point le fran\u00e7ais peut rester vivant apr\u00e8s l&#8217;\u00e9cole, qu&#8217;il ouvre de nombreuses autres voies que celle de professeur de fran\u00e7ais et qu&#8217;il vaut toujours la peine d&#8217;apprendre la langue fran\u00e7aise et de s&#8217;ouvrir \u00e0 une autre culture. Il n&#8217;est donc pas \u00e9tonnant que des discussions soient d\u00e9j\u00e0 en cours pour une prochaine \u00e9dition du salon \u2013 nous attendons avec impatience la \u00ab Zukunftsmesse West \u00bb !<\/p>\n","protected":false},"excerpt":{"rendered":"<p>La premi\u00e8re \u00e9dition du salon \u00ab Zukunftsmesse Nord \u00bb a \u00e9t\u00e9 un franc succ\u00e8s : l&#8217;amphith\u00e9\u00e2tre \u00e9tait plein \u00e0 craquer lors des pl\u00e9ni\u00e8res, les stands \u00e9taient pris d&#8217;assaut et les micro-formations et pr\u00e9sentations sur des th\u00e8mes tels que \u00ab La lettre de candidature en fran\u00e7ais \u00bb ou \u00ab Les possibilit\u00e9s &hellip;<\/p>\n","protected":false},"author":1,"featured_media":0,"comment_status":"closed","ping_status":"closed","sticky":false,"template":"","format":"standard","meta":{"footnotes":""},"categories":[57],"tags":[],"class_list":["post-1407","post","type-post","status-publish","format-standard","hentry","category-nicht-kategorisiert-fr"],"_links":{"self":[{"href":"https:\/\/canoff.de\/index.php?rest_route=\/wp\/v2\/posts\/1407","targetHints":{"allow":["GET"]}}],"collection":[{"href":"https:\/\/canoff.de\/index.php?rest_route=\/wp\/v2\/posts"}],"about":[{"href":"https:\/\/canoff.de\/index.php?rest_route=\/wp\/v2\/types\/post"}],"author":[{"embeddable":true,"href":"https:\/\/canoff.de\/index.php?rest_route=\/wp\/v2\/users\/1"}],"replies":[{"embeddable":true,"href":"https:\/\/canoff.de\/index.php?rest_route=%2Fwp%2Fv2%2Fcomments&post=1407"}],"version-history":[{"count":1,"href":"https:\/\/canoff.de\/index.php?rest_route=\/wp\/v2\/posts\/1407\/revisions"}],"predecessor-version":[{"id":1408,"href":"https:\/\/canoff.de\/index.php?rest_route=\/wp\/v2\/posts\/1407\/revisions\/1408"}],"wp:attachment":[{"href":"https:\/\/canoff.de\/index.php?rest_route=%2Fwp%2Fv2%2Fmedia&parent=1407"}],"wp:term":[{"taxonomy":"category","embeddable":true,"href":"https:\/\/canoff.de\/index.php?rest_route=%2Fwp%2Fv2%2Fcategories&post=1407"},{"taxonomy":"post_tag","embeddable":true,"href":"https:\/\/canoff.de\/index.php?rest_route=%2Fwp%2Fv2%2Ftags&post=1407"}],"curies":[{"name":"wp","href":"https:\/\/api.w.org\/{rel}","templated":true}]}}