{"id":1204,"date":"2025-12-10T19:30:27","date_gmt":"2025-12-10T18:30:27","guid":{"rendered":"https:\/\/canoff.de\/?p=1204"},"modified":"2026-01-13T14:50:16","modified_gmt":"2026-01-13T13:50:16","slug":"chapeau-die-erste-ausgabe-der-zukunftsmesse-nord-war-ein-voller-erfolg","status":"publish","type":"post","link":"https:\/\/canoff.de\/?p=1204","title":{"rendered":"Chapeau ! Die erste Ausgabe der &#8222;Zukunftsmesse Nord&#8220; war ein voller Erfolg !"},"content":{"rendered":"\n<p>Die erste Ausgabe der \u201eZukunftsmesse Nord\u201c war ein voller Erfolg: der H\u00f6rsaal in den Plenumsveranstaltungen bis in die letzten Reihen besetzt, an den St\u00e4nden Menschentrauben und auch die Mikrofortbildungen und Pr\u00e4sentationen zu Themen wie \u201eBewerbungsschreiben auf Franz\u00f6sisch\u201c oder \u201eStudienm\u00f6glichkeiten in Frankreich\u201c waren gut besucht.\u00a0<\/p>\n\n\n\n<p>1400 Sch\u00fcler*innen waren f\u00fcr die erste deutsch-franz\u00f6sische Berufs-, Bildungs- und Praxismesse dieser Art in Deutschland angemeldet. Sie sind v.a. aus Bremen, dem Bremer Umland und dem ganzen Norden angereist, um eine Idee davon zu bekommen, wie ihre Zukunft mit einer Verbindung in die Frankophonie aussehen k\u00f6nnte. An \u00fcber 30 St\u00e4nden von Universit\u00e4ten, Hochschulen, Kulturinstituten und Vereinen konnten sich die Jugendlichen \u00fcber die vielseitigen M\u00f6glichkeiten informieren, wie sie Franz\u00f6sisch in ihre Ausbildung und ihr Berufsleben integrieren k\u00f6nnen \u2013 ob in romanistischen oder bilingualen Studieng\u00e4ngen, \u00fcber ein freiwilliges soziales Jahr in einem franz\u00f6sischsprachigen Land, \u00fcber Praktika, Austauschprogramme oder franz\u00f6sische Unternehmen und Institutionen in Deutschland. Die Sch\u00fcler*innen konnten so entdecken, dass Franz\u00f6sisch zu lernen weit mehr ist, als nur eine Sprache zu beherrschen.&nbsp;<\/p>\n\n\n\n<p>In den Podiumsdiskussionen mit Vertreter*innen aus der Wirtschaft, der Franz\u00f6sischen Botschaft, der deutsch-franz\u00f6sischen Bildungs- und Jugendarbeit, von ARTE sowie der Vereinigung der Franz\u00f6sischlehrerinnen und -lehrer e. V. ist&nbsp;deutlich geworden, dass Franz\u00f6sischkenntnisse den Zugang zu einem deutsch-franz\u00f6sischen Raum erm\u00f6glichen, in dem die Grundfeste und die Zukunft Europas liegt, in dem es in Kultur- aber insbesondere auch in Wirtschaftskontakten um Vertrauen, Zuh\u00f6ren und gegenseitiges Aufeinanderzugehen geht. Und, nicht zuletzt, haben auch die Freundschafts- und Liebesgeschichten aus den vielen Erfahrungsberichten auf dem Podium gezeigt, wie lebendig Franz\u00f6sisch nach der Schule sein kann, dass es neben dem Berufsziel Franz\u00f6sischlehrer*in noch viele weitere Wege er\u00f6ffnet und dass es sich immer lohnt, die franz\u00f6sische Sprache zu lernen und sich auf eine andere Kultur einzulassen. Kein Wunder also, dass bereits Gespr\u00e4che f\u00fcr eine n\u00e4chste Ausgabe der Messe laufen \u2013 wir freuen uns auf die \u201eZukunftsmesse West\u201c!<\/p>\n","protected":false},"excerpt":{"rendered":"<p>Die erste Ausgabe der \u201eZukunftsmesse Nord\u201c war ein voller Erfolg: der H\u00f6rsaal in den Plenumsveranstaltungen bis in die letzten Reihen besetzt, an den St\u00e4nden Menschentrauben und auch die Mikrofortbildungen und Pr\u00e4sentationen zu Themen wie \u201eBewerbungsschreiben auf Franz\u00f6sisch\u201c oder \u201eStudienm\u00f6glichkeiten in Frankreich\u201c waren gut besucht.\u00a0 1400 Sch\u00fcler*innen waren f\u00fcr die erste &hellip;<\/p>\n","protected":false},"author":1,"featured_media":0,"comment_status":"closed","ping_status":"closed","sticky":false,"template":"","format":"standard","meta":{"footnotes":""},"categories":[1],"tags":[],"class_list":["post-1204","post","type-post","status-publish","format-standard","hentry","category-allgemein"],"_links":{"self":[{"href":"https:\/\/canoff.de\/index.php?rest_route=\/wp\/v2\/posts\/1204","targetHints":{"allow":["GET"]}}],"collection":[{"href":"https:\/\/canoff.de\/index.php?rest_route=\/wp\/v2\/posts"}],"about":[{"href":"https:\/\/canoff.de\/index.php?rest_route=\/wp\/v2\/types\/post"}],"author":[{"embeddable":true,"href":"https:\/\/canoff.de\/index.php?rest_route=\/wp\/v2\/users\/1"}],"replies":[{"embeddable":true,"href":"https:\/\/canoff.de\/index.php?rest_route=%2Fwp%2Fv2%2Fcomments&post=1204"}],"version-history":[{"count":1,"href":"https:\/\/canoff.de\/index.php?rest_route=\/wp\/v2\/posts\/1204\/revisions"}],"predecessor-version":[{"id":1205,"href":"https:\/\/canoff.de\/index.php?rest_route=\/wp\/v2\/posts\/1204\/revisions\/1205"}],"wp:attachment":[{"href":"https:\/\/canoff.de\/index.php?rest_route=%2Fwp%2Fv2%2Fmedia&parent=1204"}],"wp:term":[{"taxonomy":"category","embeddable":true,"href":"https:\/\/canoff.de\/index.php?rest_route=%2Fwp%2Fv2%2Fcategories&post=1204"},{"taxonomy":"post_tag","embeddable":true,"href":"https:\/\/canoff.de\/index.php?rest_route=%2Fwp%2Fv2%2Ftags&post=1204"}],"curies":[{"name":"wp","href":"https:\/\/api.w.org\/{rel}","templated":true}]}}