{"id":1,"date":"2023-06-05T23:29:47","date_gmt":"2023-06-05T21:29:47","guid":{"rendered":"https:\/\/canoff.de\/?p=1"},"modified":"2025-10-15T14:56:08","modified_gmt":"2025-10-15T12:56:08","slug":"hallo-welt","status":"publish","type":"post","link":"https:\/\/canoff.de\/?p=1","title":{"rendered":"Der Standort Bremen stellt sich vor"},"content":{"rendered":"\n<div class=\"wp-block-columns is-layout-flex wp-container-core-columns-is-layout-9d6595d7 wp-block-columns-is-layout-flex\">\n<div class=\"wp-block-column is-layout-flow wp-block-column-is-layout-flow\">\n<p><strong>Qui sommes-nous? <\/strong>In Bremen wird der Standort von der <a href=\"https:\/\/www.uni-bremen.de\/fb-10\/studium\/romanistik\/franzoesische-literaturwissenschaft\" data-type=\"link\" data-id=\"https:\/\/www.uni-bremen.de\/fb-10\/studium\/romanistik\/franzoesische-literaturwissenschaft\" target=\"_blank\" rel=\"noreferrer noopener\">AG Franz\u00f6sische Literaturwissenschaft<\/a> betreut und mit Leben gef\u00fcllt. Das Team begeistert die Arbeit mit und die Vermittlung von frankophonen Literaturen und ihren Kontexten. Gerne stecken wir die Bremer Szene damit an! Die CaNoFF-Mitglieder sind aus einem weite(re)n interdisziplin\u00e4ren Kontext: aus den Politik-, Kultur- oder Meereswissenschaften; es sind Akteur:innen aus dem deutsch-franz\u00f6sischen Engagement in Bremen und umzu! <\/p>\n\n\n\n<p><strong>Que faisons-nous? <\/strong>Regelm\u00e4\u00dfig ist die CaNoFF-\u00e9quipe zu Gast in der Buchhandlung Storm und veranstaltet dort die<a href=\"https:\/\/www.uni-bremen.de\/fb-10\/studium\/romanistik\/franzoesische-literaturwissenschaft\/actualite\/details\/rentree-litteraire-2023\" target=\"_blank\" rel=\"noreferrer noopener\"> Rentr\u00e9e Litt\u00e9raire<\/a> in Kooperation mit der <a href=\"https:\/\/www.dfg-bremen.org\" target=\"_blank\" rel=\"noreferrer noopener\">Deutsch-Franz\u00f6sischen Gesellschaft Bremen<\/a>. Daneben kooperiert das Team f\u00fcr zahlreiche Lesungen oder die franz\u00f6sische Filmwoche mit dem <a href=\"https:\/\/www.institutfrancais.de\/de#\/\" target=\"_blank\" rel=\"noreferrer noopener\">Institut Fran\u00e7ais Bremen<\/a>, dem Bremer Festival f\u00fcr grenz\u00fcberschreitende Literatur, der <a href=\"https:\/\/www.dfg-bremen.org\" target=\"_blank\" rel=\"noreferrer noopener\">globale\u00b0<\/a> oder der <a href=\"https:\/\/www.literaturmagazin-bremen.de\/festivals\/literarische-woche\" target=\"_blank\" rel=\"noreferrer noopener\">Literarischen Woche<\/a> in Kooperation mit der Stadtbibliothek Bremen.<\/p>\n\n\n\n<p class=\"has-normal-font-size\">Einer der Arbeitsschwerpunkte liegt auf der Comicforschung und so bietet auch die <a href=\"https:\/\/www.uni-bremen.de\/fb-10\/studium\/romanistik\/franzoesische-literaturwissenschaft\/canoff-mediathek\">Mediathek <\/a>neben einer feinen Auswahl alter Klassikerausgaben, Einblicke in eine Vielzahl an BDs. Die Mediathek befindet sich im GW2 B.3382 und ist immer dienstags von 14.30-16.30 Uhr ge\u00f6ffnet. Der Bestand ist hier \u00f6ffentlich einsehbar in der <a href=\"https:\/\/www.zotero.org\/groups\/5112959\/canoff_mediathek\" target=\"_blank\" rel=\"noreferrer noopener\">Mediathek-Datenbank<\/a>.<\/p>\n\n\n\n<p><strong>Et encore? <\/strong>Wir sind nicht nur in Bremen vor Ort aktiv, sondern auch kreativ und informativ im Internet. Ein laufend weitergef\u00fchrtes, interaktive Lehrprojekt ist <a href=\"https:\/\/cdn.knightlab.com\/libs\/timeline3\/latest\/embed\/index.html?source=1-wm6Uj-tFiRCbsep-RQHIhpYSAM2UXkMf9Xki9KUK1Y&amp;font=Default&amp;lang=de&amp;initial_zoom=2&amp;height=650\" data-type=\"link\" data-id=\"https:\/\/cdn.knightlab.com\/libs\/timeline3\/latest\/embed\/index.html?source=1-wm6Uj-tFiRCbsep-RQHIhpYSAM2UXkMf9Xki9KUK1Y&amp;font=Default&amp;lang=de&amp;initial_zoom=2&amp;height=650\" target=\"_blank\" rel=\"noreferrer noopener\">BIFLiK<\/a> &#8211; die Bremer Interaktive Franz\u00f6sische Literatur- und Kulturgeschichte. Gemeinsam mit Studierenden setzen Lehrende und studentische Hilfskr\u00e4fte der AG Struve das digitale Literaturgeschichtsprojekt um. Die Seite wird von Franz\u00f6sisch-Studierenden f\u00fcr Studierende geschrieben und gestaltet &#8211; und w\u00e4chst und w\u00e4chst und w\u00e4chst&#8230;<\/p>\n\n\n\n<div class=\"wp-block-buttons is-layout-flex wp-block-buttons-is-layout-flex\">\n<div class=\"wp-block-button\"><a class=\"wp-block-button__link wp-element-button\" href=\"https:\/\/canoff.de\/?page_id=23\">Mehr \u00fcber CaNoFF&#8230;<\/a><\/div>\n<\/div>\n<\/div>\n\n\n\n<div class=\"wp-block-column is-layout-flow wp-block-column-is-layout-flow\">\n<p class=\"has-sitebg-color has-accent-1-background-color has-text-color has-background\"><strong>Leitung: Prof. Dr. Karen Struve<\/strong><br><strong>Gesch\u00e4ftsf\u00fchrung: Dr. Johanne Mohs<\/strong><br>Kontakt: canoff@uni-bremen.de<\/p>\n\n\n\n<figure class=\"wp-block-image size-full\"><img loading=\"lazy\" decoding=\"async\" width=\"528\" height=\"427\" src=\"https:\/\/canoff.de\/wp-content\/uploads\/2023\/11\/Buecherherbst.jpg\" alt=\"\" class=\"wp-image-422\" srcset=\"https:\/\/canoff.de\/wp-content\/uploads\/2023\/11\/Buecherherbst.jpg 528w, https:\/\/canoff.de\/wp-content\/uploads\/2023\/11\/Buecherherbst-300x243.jpg 300w, https:\/\/canoff.de\/wp-content\/uploads\/2023\/11\/Buecherherbst-247x200.jpg 247w\" sizes=\"auto, (max-width: 528px) 100vw, 528px\" \/><\/figure>\n<\/div>\n<\/div>\n\n\n\n<div class=\"wp-block-columns is-layout-flex wp-container-core-columns-is-layout-9d6595d7 wp-block-columns-is-layout-flex\">\n<div class=\"wp-block-column is-layout-flow wp-block-column-is-layout-flow\"><\/div>\n<\/div>\n","protected":false},"excerpt":{"rendered":"<p>In Bremen wird der Standort von der AG Franz\u00f6sische Literaturwissenschaft betreut und mit Leben gef\u00fcllt.  Das Team begeistert die Arbeit mit und die Vermittlung von frankophonen Literaturen und ihren Kontexten. Gerne stecken wir die Bremer Szene damit an! Die CaNoFF-Mitglieder sind aus einem weite(re)n interdisziplin\u00e4ren Kontext: aus den Politik-, Kultur- oder Meereswissenschaften; es sind Akteur:innen aus dem deutsch-franz\u00f6sischen Engagement in Bremen und umzu!<\/p>\n","protected":false},"author":1,"featured_media":631,"comment_status":"closed","ping_status":"closed","sticky":false,"template":"","format":"standard","meta":{"footnotes":""},"categories":[1,49],"tags":[],"class_list":["post-1","post","type-post","status-publish","format-standard","has-post-thumbnail","hentry","category-allgemein","category-bremen"],"_links":{"self":[{"href":"https:\/\/canoff.de\/index.php?rest_route=\/wp\/v2\/posts\/1","targetHints":{"allow":["GET"]}}],"collection":[{"href":"https:\/\/canoff.de\/index.php?rest_route=\/wp\/v2\/posts"}],"about":[{"href":"https:\/\/canoff.de\/index.php?rest_route=\/wp\/v2\/types\/post"}],"author":[{"embeddable":true,"href":"https:\/\/canoff.de\/index.php?rest_route=\/wp\/v2\/users\/1"}],"replies":[{"embeddable":true,"href":"https:\/\/canoff.de\/index.php?rest_route=%2Fwp%2Fv2%2Fcomments&post=1"}],"version-history":[{"count":32,"href":"https:\/\/canoff.de\/index.php?rest_route=\/wp\/v2\/posts\/1\/revisions"}],"predecessor-version":[{"id":1158,"href":"https:\/\/canoff.de\/index.php?rest_route=\/wp\/v2\/posts\/1\/revisions\/1158"}],"wp:featuredmedia":[{"embeddable":true,"href":"https:\/\/canoff.de\/index.php?rest_route=\/wp\/v2\/media\/631"}],"wp:attachment":[{"href":"https:\/\/canoff.de\/index.php?rest_route=%2Fwp%2Fv2%2Fmedia&parent=1"}],"wp:term":[{"taxonomy":"category","embeddable":true,"href":"https:\/\/canoff.de\/index.php?rest_route=%2Fwp%2Fv2%2Fcategories&post=1"},{"taxonomy":"post_tag","embeddable":true,"href":"https:\/\/canoff.de\/index.php?rest_route=%2Fwp%2Fv2%2Ftags&post=1"}],"curies":[{"name":"wp","href":"https:\/\/api.w.org\/{rel}","templated":true}]}}