{"id":953,"global_id":"canoff.de?id=953","global_id_lineage":["canoff.de?id=953"],"author":"1","status":"publish","date":"2025-03-25 12:05:26","date_utc":"2025-03-25 11:05:26","modified":"2025-12-27 19:25:11","modified_utc":"2025-12-27 18:25:11","url":"https:\/\/canoff.de\/?tribe_events=vortrag-von-dr-laundry-charrier-hybrid","rest_url":"https:\/\/canoff.de\/index.php?rest_route=\/tribe\/events\/v1\/events\/953","title":"Vortrag von Dr. Landry Charrier (hybrid)","description":"<h1>Europ\u00e4ische Souver\u00e4nit\u00e4t als Auftrag: K\u00f6nnen Deutschland und Frankreich liefern?<\/h1>\n<h4><\/h4>\n<p><em>Organisiert vom <a href=\"https:\/\/www.uni-flensburg.de\/romanistik\">Institut f\u00fcr Romanistik der Europa-Universit\u00e4t Flensburg<\/a>, in Kooperation mit dem <a class=\"inline-text-link external\" href=\"https:\/\/canoff.de\/\">CaNoFF<\/a> und dem <a class=\"inline-text-link external\" href=\"https:\/\/www.uni-flensburg.de\/powi?sword_list%5B0%5D=politikwissenschaft&amp;no_cache=1\">Seminar f\u00fcr Politikwissenschaft und Politikdidaktik<\/a> <\/em><\/p>\n<p>Die Zeiten, in denen einige Europ\u00e4er noch hoffen konnten, Donald Trump milde zu stimmen, sind endg\u00fcltig vorbei. Sp\u00e4testens seit dem 25. Februar und der Abstimmung einer Resolution der USA zum Angriffskrieg in der Ukraine im UN-Sicherheitsrat ist klar: Die transatlantische Partnerschaft ist zu Ende. Europ\u00e4ische Souver\u00e4nit\u00e4t, verstanden als Voraussetzung von Kollektivmacht, ist das Gebot der Stunde. Doch ohne Deutschland und Frankreich wird Europa kaum die n\u00f6tigen Voraussetzungen daf\u00fcr schaffen k\u00f6nnen. K\u00f6nnen beide L\u00e4nder noch F\u00fchrung? Welche Perspektiven er\u00f6ffnet die (wahrscheinliche) Wahl von Friedrich Merz zum Bundeskanzler?<\/p>\n<p><strong>Dr. habil. Landry Charrier<\/strong> studierte an den Universit\u00e4ten von Nantes und D\u00fcsseldorf. Zwischen 2007 und 2017 lehrte er am Germanistischen Institut der Universit\u00e4t Clermont Auvergne als Associate Professor f\u00fcr deutsch-franz\u00f6sische Beziehungen. Von 2017 bis 2022 arbeite er im Auftrag des Ministeriums fu\u0308r Europa und Auswa\u0308rtige Angelegenheiten fu\u0308r das franzo\u0308sische Kulturnetzwerk im Ausland. Nach Station in Bonn als Leiter des Institut franc\u0327ais und Hochschulattache\u0301 war er in Den Haag als Attache\u0301 fu\u0308r Wissenschafts- und Hochschulkooperation ta\u0308tig. Charrier ist zudem Absolvent des Coll\u00e8ge des Hautes Etudes de l\u2019Institut Diplomatique (Paris), Mitglied der CNRS-Forschungseinheit SIRICE (Sorbonne, Paris), Senior Associate Fellow am Global Governance Institute (Br\u00fcssel) und Ko-Produzent des Frankreich-Podcasts &#8222;<a class=\"a-theme external-link inline-text-link external\" href=\"https:\/\/franko-viel.podigee.io\">Franko-viel<\/a>&#8222;.\u00a0Im M\u00e4rz 2023 hat er die Leitung der traditionsreichen deutsch-franz\u00f6sischen Zeitschrift <a class=\"a-theme external-link inline-text-link external\" href=\"https:\/\/dokdoc.eu\">Dokumente<\/a>\u00a0\u00fcbernommen.<\/p>\n<p><strong>Praktische Infos<\/strong><\/p>\n<p>12. Mai 2025, 16 &#8211; 18 Uhr<\/p>\n<p>Europa-Universit\u00e4t Flensburg<br \/>\nRaum OSLO 239<br \/>\nHybridvortrag; Webex-Link: <a class=\"inline-text-link external\" href=\"https:\/\/uni-flensburg.webex.com\/uni-flensburg\/j.php?MTID=m313d42c9d695cf7c83c5d8317a3381f5\">https:\/\/uni-flensburg.webex.com\/uni-flensburg\/j.php?MTID=m313d42c9d695cf7c83c5d8317a3381f5<\/a><\/p>","excerpt":"","slug":"vortrag-von-dr-laundry-charrier-hybrid","image":false,"all_day":false,"start_date":"2025-05-12 16:00:00","start_date_details":{"year":"2025","month":"05","day":"12","hour":"16","minutes":"00","seconds":"00"},"end_date":"2025-05-12 18:00:00","end_date_details":{"year":"2025","month":"05","day":"12","hour":"18","minutes":"00","seconds":"00"},"utc_start_date":"2025-05-12 14:00:00","utc_start_date_details":{"year":"2025","month":"05","day":"12","hour":"14","minutes":"00","seconds":"00"},"utc_end_date":"2025-05-12 16:00:00","utc_end_date_details":{"year":"2025","month":"05","day":"12","hour":"16","minutes":"00","seconds":"00"},"timezone":"Europe\/Berlin","timezone_abbr":"CEST","cost":"","cost_details":{"currency_symbol":"\u20ac","currency_code":"EUR","currency_position":"suffix","values":[]},"website":"","show_map":true,"show_map_link":true,"hide_from_listings":false,"sticky":false,"featured":false,"categories":[{"name":"Vortrag","slug":"vortrag","term_group":0,"term_taxonomy_id":103,"taxonomy":"tribe_events_cat","description":"","parent":0,"count":7,"filter":"raw","id":103,"urls":{"self":"https:\/\/canoff.de\/index.php?rest_route=\/tribe\/events\/v1\/categories\/103","collection":"https:\/\/canoff.de\/index.php?rest_route=\/tribe\/events\/v1\/categories"}}],"tags":[],"venue":[],"organizer":[],"custom_fields":[],"json_ld":{"@context":"http:\/\/schema.org","@type":"Event","name":"Vortrag von Dr. Landry Charrier (hybrid)","description":"&lt;p&gt;Europ\u00e4ische Souver\u00e4nit\u00e4t als Auftrag: K\u00f6nnen Deutschland und Frankreich liefern? Organisiert vom Institut f\u00fcr Romanistik der Europa-Universit\u00e4t Flensburg, in Kooperation mit dem CaNoFF und dem Seminar f\u00fcr Politikwissenschaft und Politikdidaktik Die Zeiten, in denen einige Europ\u00e4er noch hoffen konnten, Donald Trump milde zu stimmen, sind endg\u00fcltig vorbei. Sp\u00e4testens seit dem 25. &hellip;&lt;\/p&gt;\\n","url":"https:\/\/canoff.de\/?tribe_events=vortrag-von-dr-laundry-charrier-hybrid","eventAttendanceMode":"https:\/\/schema.org\/OfflineEventAttendanceMode","eventStatus":"https:\/\/schema.org\/EventScheduled","startDate":"2025-05-12T16:00:00+02:00","endDate":"2025-05-12T18:00:00+02:00","performer":"Organization"}}