{"id":945,"global_id":"canoff.de?id=945","global_id_lineage":["canoff.de?id=945"],"author":"1","status":"publish","date":"2025-02-12 15:16:02","date_utc":"2025-02-12 14:16:02","modified":"2025-12-27 19:23:27","modified_utc":"2025-12-27 18:23:27","url":"https:\/\/canoff.de\/?tribe_events=filmvorfuehrung-le-lyceen-der-gymnasiast","rest_url":"https:\/\/canoff.de\/index.php?rest_route=\/tribe\/events\/v1\/events\/945","title":"Filmvorf\u00fchrung: Le Lyceen\/ Der Gymnasiast","description":"<p>Le Lyceen\/ Der Gymnasiast<br \/>\nDrama, Frankreich 2022, 122 Minuten, FSK 16<br \/>\nMit: Paul Kircher, Vincent Lacoste, Juliette Binoche. Ein Film von Christophe Honor\u00e9.<\/p>\n<p>Lucas ist siebzehn und kann es kaum abwarten, endlich das Internat und die Provinz hinter sich zu lassen, um nach Paris zu ziehen, wo sein gro\u00dfer Bruder Quentin lebt. Auch sein erster Freund Oscar wird ihn nicht davon abhalten. Doch ein tragischer Unfall rei\u00dft Lucas\u2019 hoffnungsvollen Blick auf die Welt in St\u00fccke. Weil selbst seine Mutter ihn nicht tr\u00f6sten kann, macht er sich auf nach Paris, wo er eine Woche bei Quentin und dessen Mitbewohner Lilio wohnen wird. Es werden Tage, die alles ver\u00e4ndern werden \u2026 In seinem bisher wohl pers\u00f6nlichsten Film erz\u00e4hlt Christophe Honor\u00e9, der selbst die Rolle des Vaters spielt, vom schmerzhaften Erwachsenwerden eines Teenagers. Neben den Kinostars Vincent Lacoste und Juliette Binoche gl\u00e4nzt Newcomer Paul Kircher als Lucas, der erst nach und nach eine Sprache f\u00fcr seine Wut findet und die gro\u00dfe Stadt, die Liebe und das Leben instinktiv erkundet.<\/p>\n<p>Der Film wird im franz\u00f6sischen Original mit deutschen Untertiteln gezeigt!<br \/>\nDer Film wird in der Krimibibliothek im 2. OG gezeigt.<br \/>\nEine Veranstaltung im Rahmen des UNESCO-Welttag der franz\u00f6sischen Sprache.<\/p>\n<p>******<\/p>\n<p>Lucas, 17 ans, habite avec ses parents dans un petit village et va \u00e0 l\u2019\u00e9cole \u00e0 Grenoble. Lorsque son p\u00e8re d\u00e9c\u00e8de d\u2019un accident de la route, la vie de l\u2019adolescent est compl\u00e8tement chamboul\u00e9e. Il refuse de retourner au lyc\u00e9e. Son fr\u00e8re Quentin, un artiste qui r\u00e9side d\u00e9sormais sur Paris, propose de l\u2018h\u00e9berger pour une semaine. Ces quelques jours seront d\u00e9terminants pour Lucas, qui s\u2019\u00e9prendra de Lilio, le colocataire et meilleur ami de Quentin, et d\u00e9rivera dans le stupre de la grande ville.<\/p>\n<p>Le film sera projet\u00e9 en version originale fran\u00e7aise sous-titr\u00e9e en allemand !<br \/>\nLe film est projet\u00e9 dans la biblioth\u00e8que du polar au 2e \u00e9tage.<br \/>\nUne manifestation dans le cadre de la Journ\u00e9e mondiale de la langue fran\u00e7aise de l&#8217;UNESCO.<\/p>","excerpt":"","slug":"filmvorfuehrung-le-lyceen-der-gymnasiast","image":false,"all_day":false,"start_date":"2025-03-21 16:30:00","start_date_details":{"year":"2025","month":"03","day":"21","hour":"16","minutes":"30","seconds":"00"},"end_date":"2025-03-21 16:30:00","end_date_details":{"year":"2025","month":"03","day":"21","hour":"16","minutes":"30","seconds":"00"},"utc_start_date":"2025-03-21 15:30:00","utc_start_date_details":{"year":"2025","month":"03","day":"21","hour":"15","minutes":"30","seconds":"00"},"utc_end_date":"2025-03-21 15:30:00","utc_end_date_details":{"year":"2025","month":"03","day":"21","hour":"15","minutes":"30","seconds":"00"},"timezone":"Europe\/Berlin","timezone_abbr":"CET","cost":"kostenfrei | gratuit","cost_details":{"currency_symbol":"\u20ac","currency_code":"EUR","currency_position":"suffix","values":["kostenfrei-gratuit"]},"website":"","show_map":true,"show_map_link":true,"hide_from_listings":false,"sticky":false,"featured":false,"categories":[{"name":"Cin\u00e9ma","slug":"cinema","term_group":0,"term_taxonomy_id":108,"taxonomy":"tribe_events_cat","description":"","parent":0,"count":2,"filter":"raw","id":108,"urls":{"self":"https:\/\/canoff.de\/index.php?rest_route=\/tribe\/events\/v1\/categories\/108","collection":"https:\/\/canoff.de\/index.php?rest_route=\/tribe\/events\/v1\/categories"}}],"tags":[],"venue":{"id":839,"author":"1","status":"publish","date":"2024-08-15 13:57:18","date_utc":"2024-08-15 11:57:18","modified":"2024-08-15 13:57:18","modified_utc":"2024-08-15 11:57:18","url":"https:\/\/canoff.de\/?tribe_venue=zentralbibliothek-der-stadtbibliothek-bremen","venue":"Zentralbibliothek der Stadtbibliothek Bremen","slug":"zentralbibliothek-der-stadtbibliothek-bremen","address":"Am Wall 201","city":"Bremen","zip":"28195","json_ld":{"@type":"Place","name":"Zentralbibliothek der Stadtbibliothek Bremen","description":"","url":"","address":{"@type":"PostalAddress","streetAddress":"Am Wall 201","addressLocality":"Bremen","postalCode":"28195"},"telephone":"","sameAs":""},"show_map":false,"show_map_link":false,"global_id":"canoff.de?id=839","global_id_lineage":["canoff.de?id=839"]},"organizer":[],"custom_fields":[],"json_ld":{"@context":"http:\/\/schema.org","@type":"Event","name":"Filmvorf\u00fchrung: Le Lyceen\/ Der Gymnasiast","description":"&lt;p&gt;Le Lyceen\/ Der Gymnasiast Drama, Frankreich 2022, 122 Minuten, FSK 16 Mit: Paul Kircher, Vincent Lacoste, Juliette Binoche. Ein Film von Christophe Honor\u00e9. Lucas ist siebzehn und kann es kaum abwarten, endlich das Internat und die Provinz hinter sich zu lassen, um nach Paris zu ziehen, wo sein gro\u00dfer Bruder &hellip;&lt;\/p&gt;\\n","url":"https:\/\/canoff.de\/?tribe_events=filmvorfuehrung-le-lyceen-der-gymnasiast","eventAttendanceMode":"https:\/\/schema.org\/OfflineEventAttendanceMode","eventStatus":"https:\/\/schema.org\/EventScheduled","startDate":"2025-03-21T16:30:00+01:00","endDate":"2025-03-21T16:30:00+01:00","location":{"@type":"Place","name":"Zentralbibliothek der Stadtbibliothek Bremen","description":"","url":"","address":{"@type":"PostalAddress","streetAddress":"Am Wall 201","addressLocality":"Bremen","postalCode":"28195"},"telephone":"","sameAs":""},"offers":{"@type":"Offer","price":"kostenfrei | gratuit","priceCurrency":"EUR","url":"https:\/\/canoff.de\/?tribe_events=filmvorfuehrung-le-lyceen-der-gymnasiast","category":"primary","availability":"inStock","validFrom":"1970-01-01T00:00:00+00:00"},"performer":"Organization"}}