{"id":940,"global_id":"canoff.de?id=940","global_id_lineage":["canoff.de?id=940"],"author":"1","status":"publish","date":"2025-02-12 15:08:32","date_utc":"2025-02-12 14:08:32","modified":"2025-12-27 19:22:47","modified_utc":"2025-12-27 18:22:47","url":"https:\/\/canoff.de\/?tribe_events=franzoesisch-deutsches-bilderbuchkino-in-der-zentralbibliothek-voila-harry-hier-kommt-harry","rest_url":"https:\/\/canoff.de\/index.php?rest_route=\/tribe\/events\/v1\/events\/940","title":"Franz\u00f6sisch-deutsches BilderBuchkino in der Zentralbibliothek: \u201eVoil\u00e0 Harry! \/ Hier kommt Harry!\u201c","description":"<p>Harry hat beschlossen, dass er nicht mehr wie all die anderen Hasen sein will. Er tr\u00e4umt nicht von orangefarbenen M\u00f6hren, sondern von glitzernden Discokugeln und toller Musik. Nach und nach beginnt er seinem Traum zu folgen.<\/p>\n<p>Ein BilderBuchKino mit Lesen &amp; Erz\u00e4hlen f\u00fcr Kinder ab 4 Jahren.<\/p>\n<p>Die Veranstaltung findet in der Kinderbibliothek im 3. OG statt.<\/p>\n<p>*******<\/p>\n<p>Harry a d\u00e9cid\u00e9 qu&#8217;il ne voulait plus \u00eatre comme tous les autres lapins. Il ne r\u00eave pas de carottes orange, mais de boules disco scintillantes et de musique g\u00e9niale. Petit \u00e0 petit, il commence \u00e0 suivre son r\u00eave.<\/p>\n<p>Un livre-cin\u00e9ma illustr\u00e9 avec Lire &amp; Raconter pour les enfants \u00e0 partir de 4 ans.<\/p>\n<p>L&#8217;\u00e9v\u00e9nement a lieu dans la biblioth\u00e8que pour enfants au 3e \u00e9tage.<\/p>","excerpt":"","slug":"franzoesisch-deutsches-bilderbuchkino-in-der-zentralbibliothek-voila-harry-hier-kommt-harry","image":false,"all_day":false,"start_date":"2025-03-20 16:00:00","start_date_details":{"year":"2025","month":"03","day":"20","hour":"16","minutes":"00","seconds":"00"},"end_date":"2025-03-20 16:00:00","end_date_details":{"year":"2025","month":"03","day":"20","hour":"16","minutes":"00","seconds":"00"},"utc_start_date":"2025-03-20 15:00:00","utc_start_date_details":{"year":"2025","month":"03","day":"20","hour":"15","minutes":"00","seconds":"00"},"utc_end_date":"2025-03-20 15:00:00","utc_end_date_details":{"year":"2025","month":"03","day":"20","hour":"15","minutes":"00","seconds":"00"},"timezone":"Europe\/Berlin","timezone_abbr":"CET","cost":"kostenfrei | gratuit","cost_details":{"currency_symbol":"\u20ac","currency_code":"EUR","currency_position":"suffix","values":["kostenfrei-gratuit"]},"website":"","show_map":true,"show_map_link":true,"hide_from_listings":false,"sticky":false,"featured":false,"categories":[{"name":"Lesung","slug":"lesung","term_group":0,"term_taxonomy_id":101,"taxonomy":"tribe_events_cat","description":"","parent":0,"count":17,"filter":"raw","id":101,"urls":{"self":"https:\/\/canoff.de\/index.php?rest_route=\/tribe\/events\/v1\/categories\/101","collection":"https:\/\/canoff.de\/index.php?rest_route=\/tribe\/events\/v1\/categories"}}],"tags":[],"venue":{"id":839,"author":"1","status":"publish","date":"2024-08-15 13:57:18","date_utc":"2024-08-15 11:57:18","modified":"2024-08-15 13:57:18","modified_utc":"2024-08-15 11:57:18","url":"https:\/\/canoff.de\/?tribe_venue=zentralbibliothek-der-stadtbibliothek-bremen","venue":"Zentralbibliothek der Stadtbibliothek Bremen","slug":"zentralbibliothek-der-stadtbibliothek-bremen","address":"Am Wall 201","city":"Bremen","zip":"28195","json_ld":{"@type":"Place","name":"Zentralbibliothek der Stadtbibliothek Bremen","description":"","url":"","address":{"@type":"PostalAddress","streetAddress":"Am Wall 201","addressLocality":"Bremen","postalCode":"28195"},"telephone":"","sameAs":""},"show_map":false,"show_map_link":false,"global_id":"canoff.de?id=839","global_id_lineage":["canoff.de?id=839"]},"organizer":[{"id":840,"author":"1","status":"publish","date":"2024-08-15 13:57:18","date_utc":"2024-08-15 11:57:18","modified":"2024-08-15 13:57:18","modified_utc":"2024-08-15 11:57:18","url":"https:\/\/canoff.de\/?tribe_organizer=stadtbibliothek-bremen","organizer":"Stadtbibliothek Bremen","slug":"stadtbibliothek-bremen","json_ld":{"@type":"Person","name":"Stadtbibliothek Bremen","description":"","url":"","telephone":"","email":"","sameAs":""},"global_id":"canoff.de?id=840","global_id_lineage":["canoff.de?id=840"]}],"custom_fields":[],"json_ld":{"@context":"http:\/\/schema.org","@type":"Event","name":"Franz\u00f6sisch-deutsches BilderBuchkino in der Zentralbibliothek: \u201eVoil\u00e0 Harry! \/ Hier kommt Harry!\u201c","description":"&lt;p&gt;Harry hat beschlossen, dass er nicht mehr wie all die anderen Hasen sein will. Er tr\u00e4umt nicht von orangefarbenen M\u00f6hren, sondern von glitzernden Discokugeln und toller Musik. Nach und nach beginnt er seinem Traum zu folgen. Ein BilderBuchKino mit Lesen &amp; Erz\u00e4hlen f\u00fcr Kinder ab 4 Jahren. Die Veranstaltung findet &hellip;&lt;\/p&gt;\\n","url":"https:\/\/canoff.de\/?tribe_events=franzoesisch-deutsches-bilderbuchkino-in-der-zentralbibliothek-voila-harry-hier-kommt-harry","eventAttendanceMode":"https:\/\/schema.org\/OfflineEventAttendanceMode","eventStatus":"https:\/\/schema.org\/EventScheduled","startDate":"2025-03-20T16:00:00+01:00","endDate":"2025-03-20T16:00:00+01:00","location":{"@type":"Place","name":"Zentralbibliothek der Stadtbibliothek Bremen","description":"","url":"","address":{"@type":"PostalAddress","streetAddress":"Am Wall 201","addressLocality":"Bremen","postalCode":"28195"},"telephone":"","sameAs":""},"organizer":{"@type":"Person","name":"Stadtbibliothek Bremen","description":"","url":"","telephone":"","email":"","sameAs":""},"offers":{"@type":"Offer","price":"kostenfrei | gratuit","priceCurrency":"EUR","url":"https:\/\/canoff.de\/?tribe_events=franzoesisch-deutsches-bilderbuchkino-in-der-zentralbibliothek-voila-harry-hier-kommt-harry","category":"primary","availability":"inStock","validFrom":"1970-01-01T00:00:00+00:00"},"performer":"Organization"}}