{"id":925,"global_id":"canoff.de?id=925","global_id_lineage":["canoff.de?id=925"],"author":"1","status":"publish","date":"2025-01-30 15:08:45","date_utc":"2025-01-30 14:08:45","modified":"2025-01-30 15:09:14","modified_utc":"2025-01-30 14:09:14","url":"https:\/\/canoff.de\/?tribe_events=vernissage-astrantes-aux-auteurs-et-autrices-francais-es-farah-willem","rest_url":"https:\/\/canoff.de\/index.php?rest_route=\/tribe\/events\/v1\/events\/925","title":"Vernissage \u2013 Astrantes (aux auteurs et autrices fran\u00e7ais.es) \u2013 Farah Willem","description":"<p><span class=\"Apple-converted-space\">\u00a0<\/span>Vom 26. Februar bis zum 5. Mai 2025 stellt Farah Willem eine Galerie mit Portr\u00e4ts franz\u00f6sischer Schriftstellerinnen und Schriftsteller vor. Von Arthur Rimbaud \u00fcber Colette und Jean Cocteau bis hin zu Romain Gary &#8211; mit gro\u00dfer Sensibilit\u00e4t bringt die K\u00fcnstlerin ihren Blick auf emblematische Figuren verschiedener Epochen und literarischer Str\u00f6mungen zum Ausdruck. In jedem Bild spiegelt sich Farah Willems Bewunderung f\u00fcr diese Pers\u00f6nlichkeiten in einer gelungenen Mischung aus franz\u00f6sischer und marokkanischer Kultur wider.<\/p>\n<p>Textausz\u00fcge begleiten die Bilder und erm\u00f6glichen es, den Schreibstil der Autoren (wieder) zu entdecken.<\/p>\n<p>Die Vernissage findet am Freitag, den 7. M\u00e4rz um 18 Uhr im Flur des Centre Culturel Fran\u00e7ais de Kiel statt.<\/p>\n<p>*****<\/p>\n<p>Du 26 f\u00e9vrier au 5 mai 2025, Farah Willem expose une galerie de portraits d\u2019\u00e9crivains et d&#8217;\u00e9crivaines fran\u00e7ais.es. De Arthur Rimbaud \u00e0 Romain Gary en passant par Colette et Jean Cocteau, l&#8217;artiste pose avec beaucoup de sensibilit\u00e9 son regard sur les figures embl\u00e9matiques de diff\u00e9rentes \u00e9poques et de diff\u00e9rents courants litt\u00e9raires fran\u00e7ais. Chaque tableau refl\u00e8te l\u2019admiration de Farah Willem pour ces auteurs et autrices, dans un m\u00e9lange r\u00e9ussi de ses deux cultures, fran\u00e7aise et marocaine.<\/p>\n<p>Des extraits de textes accompagneront les peintures et permettront de (re)d\u00e9couvrir le style d\u2019\u00e9criture de chaque artiste.<\/p>\n<p>Le vernissage de l\u2019exposition aura lieu le vendredi 7 mars \u00e0 18 h dans le couloir du Centre culturel fran\u00e7ais de Kiel.<\/p>","excerpt":"","slug":"vernissage-astrantes-aux-auteurs-et-autrices-francais-es-farah-willem","image":{"url":"https:\/\/canoff.de\/wp-content\/uploads\/2025\/01\/Frarah-Willem-e1738246150962.jpg","id":926,"extension":"jpg","width":400,"height":400,"filesize":41625,"sizes":{"medium":{"width":300,"height":300,"mime-type":"image\/jpeg","filesize":26130,"url":"https:\/\/canoff.de\/wp-content\/uploads\/2025\/01\/Frarah-Willem-300x300.jpg"},"thumbnail":{"width":150,"height":150,"mime-type":"image\/jpeg","filesize":8045,"url":"https:\/\/canoff.de\/wp-content\/uploads\/2025\/01\/Frarah-Willem-150x150.jpg"},"medium_large":{"width":768,"height":768,"mime-type":"image\/jpeg","filesize":114833,"url":"https:\/\/canoff.de\/wp-content\/uploads\/2025\/01\/Frarah-Willem-768x768.jpg"},"post-thumbnail":{"width":200,"height":200,"mime-type":"image\/jpeg","filesize":13131,"url":"https:\/\/canoff.de\/wp-content\/uploads\/2025\/01\/Frarah-Willem-200x200.jpg"},"septera-featured":{"width":388,"height":200,"mime-type":"image\/jpeg","filesize":20872,"url":"https:\/\/canoff.de\/wp-content\/uploads\/2025\/01\/Frarah-Willem-388x200.jpg"},"septera-featured-lp":{"width":440,"height":200,"mime-type":"image\/jpeg","filesize":22432,"url":"https:\/\/canoff.de\/wp-content\/uploads\/2025\/01\/Frarah-Willem-440x200.jpg"},"septera-featured-half":{"width":800,"height":200,"mime-type":"image\/jpeg","filesize":30743,"url":"https:\/\/canoff.de\/wp-content\/uploads\/2025\/01\/Frarah-Willem-800x200.jpg"},"septera-featured-third":{"width":512,"height":200,"mime-type":"image\/jpeg","filesize":24793,"url":"https:\/\/canoff.de\/wp-content\/uploads\/2025\/01\/Frarah-Willem-512x200.jpg"},"septera-lpbox-1":{"width":440,"height":300,"mime-type":"image\/jpeg","filesize":35166,"url":"https:\/\/canoff.de\/wp-content\/uploads\/2025\/01\/Frarah-Willem-440x300.jpg"},"septera-lpbox-2":{"width":480,"height":400,"mime-type":"image\/jpeg","filesize":49034,"url":"https:\/\/canoff.de\/wp-content\/uploads\/2025\/01\/Frarah-Willem-480x400.jpg"}}},"all_day":false,"start_date":"2025-03-07 18:00:00","start_date_details":{"year":"2025","month":"03","day":"07","hour":"18","minutes":"00","seconds":"00"},"end_date":"2025-03-07 18:00:00","end_date_details":{"year":"2025","month":"03","day":"07","hour":"18","minutes":"00","seconds":"00"},"utc_start_date":"2025-03-07 17:00:00","utc_start_date_details":{"year":"2025","month":"03","day":"07","hour":"17","minutes":"00","seconds":"00"},"utc_end_date":"2025-03-07 17:00:00","utc_end_date_details":{"year":"2025","month":"03","day":"07","hour":"17","minutes":"00","seconds":"00"},"timezone":"Europe\/Berlin","timezone_abbr":"CET","cost":"","cost_details":{"currency_symbol":"\u20ac","currency_code":"EUR","currency_position":"suffix","values":[]},"website":"","show_map":true,"show_map_link":true,"hide_from_listings":false,"sticky":false,"featured":false,"categories":[{"name":"Ausstellung","slug":"ausstellung","term_group":0,"term_taxonomy_id":123,"taxonomy":"tribe_events_cat","description":"","parent":0,"count":3,"filter":"raw","id":123,"urls":{"self":"https:\/\/canoff.de\/index.php?rest_route=\/tribe\/events\/v1\/categories\/123","collection":"https:\/\/canoff.de\/index.php?rest_route=\/tribe\/events\/v1\/categories"}}],"tags":[],"venue":{"id":927,"author":"1","status":"publish","date":"2025-01-30 15:08:45","date_utc":"2025-01-30 14:08:45","modified":"2025-01-30 15:08:45","modified_utc":"2025-01-30 14:08:45","url":"https:\/\/canoff.de\/?tribe_venue=haus-der-initiativen","venue":"Haus der Initiativen","slug":"haus-der-initiativen","address":"Diedrichstra\u00dfe 2","city":"Kiel","zip":"24143","json_ld":{"@type":"Place","name":"Haus der Initiativen","description":"","url":"","address":{"@type":"PostalAddress","streetAddress":"Diedrichstra\u00dfe 2","addressLocality":"Kiel","postalCode":"24143"},"telephone":"","sameAs":""},"show_map":true,"show_map_link":true,"global_id":"canoff.de?id=927","global_id_lineage":["canoff.de?id=927"]},"organizer":[{"id":928,"author":"1","status":"publish","date":"2025-01-30 15:08:45","date_utc":"2025-01-30 14:08:45","modified":"2025-01-30 15:08:45","modified_utc":"2025-01-30 14:08:45","url":"https:\/\/canoff.de\/?tribe_organizer=institut-francais-kiel","organizer":"Institut Fran\u00e7ais Kiel","slug":"institut-francais-kiel","json_ld":{"@type":"Person","name":"Institut Fran\u00e7ais Kiel","description":"","url":"","telephone":"","email":"","sameAs":""},"global_id":"canoff.de?id=928","global_id_lineage":["canoff.de?id=928"]}],"custom_fields":[],"json_ld":{"@context":"http:\/\/schema.org","@type":"Event","name":"Vernissage \u2013 Astrantes (aux auteurs et autrices fran\u00e7ais.es) \u2013 Farah Willem","description":"&lt;p&gt;\u00a0Vom 26. Februar bis zum 5. Mai 2025 stellt Farah Willem eine Galerie mit Portr\u00e4ts franz\u00f6sischer Schriftstellerinnen und Schriftsteller vor. Von Arthur Rimbaud \u00fcber Colette und Jean Cocteau bis hin zu Romain Gary - mit gro\u00dfer Sensibilit\u00e4t bringt die K\u00fcnstlerin ihren Blick auf emblematische Figuren verschiedener Epochen und literarischer Str\u00f6mungen &hellip;&lt;\/p&gt;\\n","image":"https:\/\/canoff.de\/wp-content\/uploads\/2025\/01\/Frarah-Willem-e1738246150962.jpg","url":"https:\/\/canoff.de\/?tribe_events=vernissage-astrantes-aux-auteurs-et-autrices-francais-es-farah-willem","eventAttendanceMode":"https:\/\/schema.org\/OfflineEventAttendanceMode","eventStatus":"https:\/\/schema.org\/EventScheduled","startDate":"2025-03-07T18:00:00+01:00","endDate":"2025-03-07T18:00:00+01:00","location":{"@type":"Place","name":"Haus der Initiativen","description":"","url":"","address":{"@type":"PostalAddress","streetAddress":"Diedrichstra\u00dfe 2","addressLocality":"Kiel","postalCode":"24143"},"telephone":"","sameAs":""},"organizer":{"@type":"Person","name":"Institut Fran\u00e7ais Kiel","description":"","url":"","telephone":"","email":"","sameAs":""},"performer":"Organization"}}