{"id":857,"global_id":"canoff.de?id=857","global_id_lineage":["canoff.de?id=857"],"author":"1","status":"publish","date":"2024-09-30 15:43:19","date_utc":"2024-09-30 13:43:19","modified":"2024-09-30 15:43:19","modified_utc":"2024-09-30 13:43:19","url":"https:\/\/canoff.de\/?tribe_events=lesung-mit-uwe-wittstock-bei-der-globale-eroeffnung-lecture-avec-uwe-wittstock-lors-de-linauguration-de-la-globale","rest_url":"https:\/\/canoff.de\/index.php?rest_route=\/tribe\/events\/v1\/events\/857","title":"Lesung mit Uwe Wittstock bei der globale\u00b0-Er\u00f6ffnung | Lecture avec Uwe Wittstock lors de l&#8217;inauguration de la globale\u00b0","description":"<p>Im Rahmen der Er\u00f6ffnungsveranstaltung der globale\u00b0 im gro\u00dfen Saal des Bremer Rathauses liest Uwe Wittstock aus seinem k\u00fcrzlich erschienen Buch <i>Marseille 1940: Die gro\u00dfe <\/i><i>Flucht der Literatur<\/i>. Im Gespr\u00e4ch mit Ronya Othmann wird die in dieser Lesung die Flucht diverser Schriftsteller und Intellektueller vor dem Regime der Nationalsozialisten beschrieben: In Nizza lauscht Heinrich Mann bei Bombenalarm den Nachrichten von Radio London. Anna Seghers flieht mit ihren Kindern zu Fu\u00df aus Paris. Lion Feuchtwanger sitzt in einem franz\u00f6sischen Internierungslager gefangen, w\u00e4hrend die SS-Einheiten n\u00e4herr\u00fccken. Sie alle geraten schlie\u00dflich nach Marseille, um von dort einen Weg in die Freiheit zu suchen. Hier \u00fcbergibt Walter Benjamin seinen letzten Essay an Hannah Arendt, bevor er zur Flucht \u00fcber die Pyren\u00e4en aufbricht. Hier kreuzen sich die Wege zahlreicher deutscher und \u00f6sterreichischer Schriftsteller, Intellektueller, K\u00fcnstler. Und in Marseille riskieren Varian Fry und seine Mitstreiter Leib und Leben, um die Verfolgten au\u00dfer Landes zu schmuggeln. Szenisch dicht und feinf\u00fchlig erz\u00e4hlt Uwe Wittstock von unfassbarem Mut und gr\u00f6\u00dfter Verzweiflung, von trotziger Hoffnung und Mitmenschlichkeit in d\u00fcsterer Zeit.<\/p>\n<p><strong>Begr\u00fc\u00dfung<\/strong><\/p>\n<ul>\n<li>Dr. Andreas Bovenschulte (Bu\u0308rgermeister \/ Senator fu\u0308r Kultur)<\/li>\n<li>Libu\u0161e \u010cern\u00e1 (globale e.V.)<\/li>\n<li>Cornelius Neumann-Redlin (Unternehmerverb\u00e4nde im Lande Bremen e.V.)<\/li>\n<\/ul>\n<p>HINWEIS: Jede:r Teilnehmer:in muss sich unter Angabe der Kontaktdaten online zur Teilnahme an der Er\u00f6ffnung anmelden. <b>Bitte u\u0308bermitteln Sie die Anmeldungsdaten online bis zum 15. Oktober: https:\/\/bit.ly\/globale2024<\/b><\/p>\n<p>***********************<\/p>\n<p>Dans le cadre de la manifestation d&#8217;ouverture de la globale\u00b0 dans la grande salle de l&#8217;h\u00f4tel de ville de Br\u00eame, Uwe Wittstock donnera une lecture de son livre r\u00e9cemment paru <i>Marseille 1940 : Die gro\u00dfe Flucht der Literatur<\/i>. Dans un entretien avec Ronya Othmann, cette lecture d\u00e9crit la fuite de divers \u00e9crivains et intellectuels devant le r\u00e9gime national-socialiste : A Nice, Heinrich Mann \u00e9coute les informations de Radio Londres pendant une alerte \u00e0 la bombe. Anna Seghers fuit Paris \u00e0 pied avec ses enfants. Lion Feuchtwanger est emprisonn\u00e9 dans un camp d&#8217;internement fran\u00e7ais, tandis que les unit\u00e9s SS se rapprochent. Tous se retrouvent finalement \u00e0 Marseille, d&#8217;o\u00f9 ils cherchent un chemin vers la libert\u00e9. C&#8217;est ici que Walter Benjamin remet son dernier essai \u00e0 Hannah Arendt avant de s&#8217;enfuir \u00e0 travers les Pyr\u00e9n\u00e9es. C&#8217;est ici que se croisent les chemins de nombreux \u00e9crivains, intellectuels et artistes allemands et autrichiens. Et \u00e0 Marseille, Varian Fry et ses compagnons d&#8217;armes risquent leur vie pour faire sortir clandestinement les pers\u00e9cut\u00e9s du pays. Uwe Wittstock raconte avec une grande densit\u00e9 sc\u00e9nique et une grande finesse le courage incroyable et le d\u00e9sespoir le plus total, l&#8217;espoir d\u00e9fiant et l&#8217;humanit\u00e9 dans une \u00e9poque sombre.<\/p>\n<p><strong>Mot de bienvenue<\/strong><\/p>\n<ul>\n<li>Dr. Andreas Bovenschulte (maire \/ s\u00e9nateur de la culture)<\/li>\n<li>Libu\u0161e \u010cern\u00e1 (globale e.V.)<\/li>\n<li>Cornelius Neumann-Redlin (Association des entrepreneurs du Land de Br\u00eame)<\/li>\n<\/ul>\n<p>REMARQUE : Chaque participant(e) doit s&#8217;inscrire en ligne pour participer \u00e0 l&#8217;ouverture en indiquant ses coordonn\u00e9es. <strong>Veuillez transmettre les donn\u00e9es d&#8217;inscription en ligne avant le 15 octobre : https:\/\/bit.ly\/globale2024<\/strong><\/p>","excerpt":"","slug":"lesung-mit-uwe-wittstock-bei-der-globale-eroeffnung-lecture-avec-uwe-wittstock-lors-de-linauguration-de-la-globale","image":{"url":"https:\/\/canoff.de\/wp-content\/uploads\/2024\/09\/getimage.jpeg","id":858,"extension":"jpeg","width":260,"height":400,"filesize":45784,"sizes":{"medium":{"width":195,"height":300,"mime-type":"image\/jpeg","filesize":18530,"url":"https:\/\/canoff.de\/wp-content\/uploads\/2024\/09\/getimage-195x300.jpeg"},"thumbnail":{"width":150,"height":150,"mime-type":"image\/jpeg","filesize":7996,"url":"https:\/\/canoff.de\/wp-content\/uploads\/2024\/09\/getimage-150x150.jpeg"},"post-thumbnail":{"width":130,"height":200,"mime-type":"image\/jpeg","filesize":8865,"url":"https:\/\/canoff.de\/wp-content\/uploads\/2024\/09\/getimage-130x200.jpeg"},"septera-featured":{"width":260,"height":200,"mime-type":"image\/jpeg","filesize":17782,"url":"https:\/\/canoff.de\/wp-content\/uploads\/2024\/09\/getimage-260x200.jpeg"},"septera-featured-lp":{"width":260,"height":200,"mime-type":"image\/jpeg","filesize":17782,"url":"https:\/\/canoff.de\/wp-content\/uploads\/2024\/09\/getimage-260x200.jpeg"},"septera-featured-half":{"width":260,"height":200,"mime-type":"image\/jpeg","filesize":17782,"url":"https:\/\/canoff.de\/wp-content\/uploads\/2024\/09\/getimage-260x200.jpeg"},"septera-featured-third":{"width":260,"height":200,"mime-type":"image\/jpeg","filesize":17782,"url":"https:\/\/canoff.de\/wp-content\/uploads\/2024\/09\/getimage-260x200.jpeg"},"septera-lpbox-1":{"width":260,"height":300,"mime-type":"image\/jpeg","filesize":27541,"url":"https:\/\/canoff.de\/wp-content\/uploads\/2024\/09\/getimage-260x300.jpeg"}}},"all_day":false,"start_date":"2024-10-28 18:00:00","start_date_details":{"year":"2024","month":"10","day":"28","hour":"18","minutes":"00","seconds":"00"},"end_date":"2024-10-28 18:00:00","end_date_details":{"year":"2024","month":"10","day":"28","hour":"18","minutes":"00","seconds":"00"},"utc_start_date":"2024-10-28 17:00:00","utc_start_date_details":{"year":"2024","month":"10","day":"28","hour":"17","minutes":"00","seconds":"00"},"utc_end_date":"2024-10-28 17:00:00","utc_end_date_details":{"year":"2024","month":"10","day":"28","hour":"17","minutes":"00","seconds":"00"},"timezone":"Europe\/Berlin","timezone_abbr":"CET","cost":"kostenfrei \/ gratuit","cost_details":{"currency_symbol":"","currency_code":"EUR","currency_position":"suffix","values":["kostenfrei-gratuit"]},"website":"https:\/\/globale-literaturfestival.de\/28-10-eroeffnung-18-00-uhr\/","show_map":true,"show_map_link":true,"hide_from_listings":false,"sticky":false,"featured":false,"categories":[{"name":"Lesung","slug":"lesung","term_group":0,"term_taxonomy_id":101,"taxonomy":"tribe_events_cat","description":"","parent":0,"count":17,"filter":"raw","id":101,"urls":{"self":"https:\/\/canoff.de\/index.php?rest_route=\/tribe\/events\/v1\/categories\/101","collection":"https:\/\/canoff.de\/index.php?rest_route=\/tribe\/events\/v1\/categories"}}],"tags":[],"venue":{"id":401,"author":"1","status":"publish","date":"2023-10-19 15:26:48","date_utc":"2023-10-19 13:26:48","modified":"2023-10-19 15:29:49","modified_utc":"2023-10-19 13:29:49","url":"https:\/\/canoff.de\/?tribe_venue=bremer-rathaus-festsaal","venue":"Bremer Rathaus (Festsaal)","slug":"bremer-rathaus-festsaal","address":"Am Markt 21","city":"Bremen","zip":"28195","json_ld":{"@type":"Place","name":"Bremer Rathaus (Festsaal)","description":"","url":"","address":{"@type":"PostalAddress","streetAddress":"Am Markt 21","addressLocality":"Bremen","postalCode":"28195"},"telephone":"","sameAs":""},"show_map":true,"show_map_link":true,"global_id":"canoff.de?id=401","global_id_lineage":["canoff.de?id=401"]},"organizer":[{"id":859,"author":"1","status":"publish","date":"2024-09-30 15:43:20","date_utc":"2024-09-30 13:43:20","modified":"2024-09-30 15:43:20","modified_utc":"2024-09-30 13:43:20","url":"https:\/\/canoff.de\/?tribe_organizer=globale-festival-fuer-grenzueberschreitende-literatur","organizer":"globale\u00b0 \u2013 Festival f\u00fcr grenz\u00fcberschreitende Literatur","slug":"globale-festival-fuer-grenzueberschreitende-literatur","json_ld":{"@type":"Person","name":"globale\u00b0 \u2013 Festival f\u00fcr grenz\u00fcberschreitende Literatur","description":"","url":"","telephone":"","email":"","sameAs":""},"global_id":"canoff.de?id=859","global_id_lineage":["canoff.de?id=859"]}],"custom_fields":[],"json_ld":{"@context":"http:\/\/schema.org","@type":"Event","name":"Lesung mit Uwe Wittstock bei der globale\u00b0-Er\u00f6ffnung | Lecture avec Uwe Wittstock lors de l&#8217;inauguration de la globale\u00b0","description":"&lt;p&gt;Im Rahmen der Er\u00f6ffnungsveranstaltung der globale\u00b0 im gro\u00dfen Saal des Bremer Rathauses liest Uwe Wittstock aus seinem k\u00fcrzlich erschienen Buch Marseille 1940: Die gro\u00dfe Flucht der Literatur. Im Gespr\u00e4ch mit Ronya Othmann wird die in dieser Lesung die Flucht diverser Schriftsteller und Intellektueller vor dem Regime der Nationalsozialisten beschrieben: In &hellip;&lt;\/p&gt;\\n","image":"https:\/\/canoff.de\/wp-content\/uploads\/2024\/09\/getimage.jpeg","url":"https:\/\/canoff.de\/?tribe_events=lesung-mit-uwe-wittstock-bei-der-globale-eroeffnung-lecture-avec-uwe-wittstock-lors-de-linauguration-de-la-globale","eventAttendanceMode":"https:\/\/schema.org\/OfflineEventAttendanceMode","eventStatus":"https:\/\/schema.org\/EventScheduled","startDate":"2024-10-28T18:00:00+01:00","endDate":"2024-10-28T18:00:00+01:00","location":{"@type":"Place","name":"Bremer Rathaus (Festsaal)","description":"","url":"","address":{"@type":"PostalAddress","streetAddress":"Am Markt 21","addressLocality":"Bremen","postalCode":"28195"},"telephone":"","sameAs":""},"organizer":{"@type":"Person","name":"globale\u00b0 \u2013 Festival f\u00fcr grenz\u00fcberschreitende Literatur","description":"","url":"","telephone":"","email":"","sameAs":""},"offers":{"@type":"Offer","price":"kostenfrei \/ gratuit","priceCurrency":"EUR","url":"https:\/\/canoff.de\/?tribe_events=lesung-mit-uwe-wittstock-bei-der-globale-eroeffnung-lecture-avec-uwe-wittstock-lors-de-linauguration-de-la-globale","category":"primary","availability":"inStock","validFrom":"2024-09-30T00:00:00+00:00"},"performer":"Organization"}}