{"id":842,"global_id":"canoff.de?id=842","global_id_lineage":["canoff.de?id=842"],"author":"1","status":"publish","date":"2024-08-29 15:25:14","date_utc":"2024-08-29 13:25:14","modified":"2024-08-29 15:38:56","modified_utc":"2024-08-29 13:38:56","url":"https:\/\/canoff.de\/?tribe_events=lesung-zur-rentree-litteraire-2024-lecture-sur-la-rentree-litteraire-2024","rest_url":"https:\/\/canoff.de\/index.php?rest_route=\/tribe\/events\/v1\/events\/842","title":"Lesung zur Rentr\u00e9e litt\u00e9raire 2024 | Lecture sur la rentr\u00e9e litt\u00e9raire 2024","description":"<p>Wir m\u00f6chten herzlichst zur diesj\u00e4hrigen Lesung zur <em>Rentr\u00e9e litt\u00e9raire 2024<\/em> in der Buchhandlung Schweitzer Fachinformationen einladen. Jedes Jahr erscheinen gegen September eine Vielzahl von B\u00fcchern in frankophonen Verlagen, so viele, wie an anderen Zeitpunkten des Jahres nie. Unter ihnen befinden sich nicht nur hoch interessante sowie spannende Lekt\u00fcren, sondern mit hoher Wahrscheinlichkeit auch viele zuk\u00fcnftige Preistr\u00e4ger der gro\u00dfen franz\u00f6sischen und frankophonen Literaturpreise.<\/p>\n<p>Tauchen Sie mit uns ein in eine Auswahl aktueller Titel, die von einem <em>literarischen Quintett<\/em> bestehend aus B\u00e9n\u00e9dicte Barth, Ursula Biehl, Marie Birken, Meike Hethey und Karen Struve besprochen und vorgestellt wird.<\/p>\n<p>***<\/p>\n<p>Nous avons le plaisir de vous inviter \u00e0 la lecture de la Rentr\u00e9e litt\u00e9raire 2024 \u00e0 la librairie Schweitzer Fachinformationen. Chaque ann\u00e9e, vers le mois de septembre, une multitude de livres paraissent chez des \u00e9diteurs francophones. Parmi eux, on trouve non seulement des lectures tr\u00e8s int\u00e9ressantes et passionnantes, mais aussi tr\u00e8s probablement de futurs laur\u00e9ats des grands prix litt\u00e9raires fran\u00e7ais et francophones.<\/p>\n<p>Plongez avec nous dans une s\u00e9lection de titres actuels, comment\u00e9s et pr\u00e9sent\u00e9s par B\u00e9n\u00e9dicte Barth, Ursula Biehl, Marie Birken, Meike Hethey et Karen Struve.<\/p>","excerpt":"","slug":"lesung-zur-rentree-litteraire-2024-lecture-sur-la-rentree-litteraire-2024","image":{"url":"https:\/\/canoff.de\/wp-content\/uploads\/2024\/08\/Rentree-litteraire-e1724938085876.jpg","id":848,"extension":"jpg","width":500,"height":707,"filesize":212232,"sizes":{"medium":{"width":212,"height":300,"mime-type":"image\/jpeg","filesize":12547,"url":"https:\/\/canoff.de\/wp-content\/uploads\/2024\/08\/Rentree-litteraire-212x300.jpg"},"large":{"width":724,"height":1024,"mime-type":"image\/jpeg","filesize":85395,"url":"https:\/\/canoff.de\/wp-content\/uploads\/2024\/08\/Rentree-litteraire-724x1024.jpg"},"thumbnail":{"width":150,"height":150,"mime-type":"image\/jpeg","filesize":5679,"url":"https:\/\/canoff.de\/wp-content\/uploads\/2024\/08\/Rentree-litteraire-150x150.jpg"},"medium_large":{"width":768,"height":1086,"mime-type":"image\/jpeg","filesize":91829,"url":"https:\/\/canoff.de\/wp-content\/uploads\/2024\/08\/Rentree-litteraire-768x1086.jpg"},"1536x1536":{"width":1086,"height":1536,"mime-type":"image\/jpeg","filesize":149528,"url":"https:\/\/canoff.de\/wp-content\/uploads\/2024\/08\/Rentree-litteraire-1086x1536.jpg"},"post-thumbnail":{"width":141,"height":200,"mime-type":"image\/jpeg","filesize":6724,"url":"https:\/\/canoff.de\/wp-content\/uploads\/2024\/08\/Rentree-litteraire-141x200.jpg"},"septera-featured":{"width":388,"height":200,"mime-type":"image\/jpeg","filesize":15617,"url":"https:\/\/canoff.de\/wp-content\/uploads\/2024\/08\/Rentree-litteraire-388x200.jpg"},"septera-featured-lp":{"width":440,"height":200,"mime-type":"image\/jpeg","filesize":17164,"url":"https:\/\/canoff.de\/wp-content\/uploads\/2024\/08\/Rentree-litteraire-440x200.jpg"},"septera-featured-half":{"width":800,"height":200,"mime-type":"image\/jpeg","filesize":27425,"url":"https:\/\/canoff.de\/wp-content\/uploads\/2024\/08\/Rentree-litteraire-800x200.jpg"},"septera-featured-third":{"width":512,"height":200,"mime-type":"image\/jpeg","filesize":18012,"url":"https:\/\/canoff.de\/wp-content\/uploads\/2024\/08\/Rentree-litteraire-512x200.jpg"},"septera-lpbox-1":{"width":440,"height":300,"mime-type":"image\/jpeg","filesize":24491,"url":"https:\/\/canoff.de\/wp-content\/uploads\/2024\/08\/Rentree-litteraire-440x300.jpg"},"septera-lpbox-2":{"width":480,"height":400,"mime-type":"image\/jpeg","filesize":30400,"url":"https:\/\/canoff.de\/wp-content\/uploads\/2024\/08\/Rentree-litteraire-480x400.jpg"}}},"all_day":false,"start_date":"2024-09-03 19:00:00","start_date_details":{"year":"2024","month":"09","day":"03","hour":"19","minutes":"00","seconds":"00"},"end_date":"2024-09-03 19:00:00","end_date_details":{"year":"2024","month":"09","day":"03","hour":"19","minutes":"00","seconds":"00"},"utc_start_date":"2024-09-03 17:00:00","utc_start_date_details":{"year":"2024","month":"09","day":"03","hour":"17","minutes":"00","seconds":"00"},"utc_end_date":"2024-09-03 17:00:00","utc_end_date_details":{"year":"2024","month":"09","day":"03","hour":"17","minutes":"00","seconds":"00"},"timezone":"Europe\/Berlin","timezone_abbr":"CEST","cost":"kostenlos \/ gratuit","cost_details":{"currency_symbol":"\u20ac","currency_code":"EUR","currency_position":"suffix","values":["kostenlos-gratuit"]},"website":"","show_map":true,"show_map_link":true,"hide_from_listings":false,"sticky":false,"featured":false,"categories":[{"name":"Lesung","slug":"lesung","term_group":0,"term_taxonomy_id":101,"taxonomy":"tribe_events_cat","description":"","parent":0,"count":17,"filter":"raw","id":101,"urls":{"self":"https:\/\/canoff.de\/index.php?rest_route=\/tribe\/events\/v1\/categories\/101","collection":"https:\/\/canoff.de\/index.php?rest_route=\/tribe\/events\/v1\/categories"}}],"tags":[],"venue":{"id":844,"author":"1","status":"publish","date":"2024-08-29 15:25:15","date_utc":"2024-08-29 13:25:15","modified":"2024-08-29 15:25:15","modified_utc":"2024-08-29 13:25:15","url":"https:\/\/canoff.de\/?tribe_venue=schweitzer-fachinformationen","venue":"Schweitzer Fachinformationen","slug":"schweitzer-fachinformationen","address":"Balgebr\u00fcckstra\u00dfe 16","city":"Bremen","zip":"28195","json_ld":{"@type":"Place","name":"Schweitzer Fachinformationen","description":"","url":"","address":{"@type":"PostalAddress","streetAddress":"Balgebr\u00fcckstra\u00dfe 16","addressLocality":"Bremen","postalCode":"28195"},"telephone":"","sameAs":""},"show_map":false,"show_map_link":false,"global_id":"canoff.de?id=844","global_id_lineage":["canoff.de?id=844"]},"organizer":[{"id":358,"author":"1","status":"publish","date":"2023-10-16 20:25:55","date_utc":"0000-00-00 00:00:00","modified":"2023-10-16 20:25:55","modified_utc":"0000-00-00 00:00:00","url":"https:\/\/canoff.de\/?tribe_organizer=canoff-standort-bremen","organizer":"CaNoFF \u2013 Standort Bremen","slug":"canoff-standort-bremen","json_ld":{"@type":"Person","name":"CaNoFF \u2013 Standort Bremen","description":"","url":"","telephone":"","email":"","sameAs":""},"global_id":"canoff.de?id=358","global_id_lineage":["canoff.de?id=358"]},{"id":845,"author":"1","status":"publish","date":"2024-08-29 15:25:15","date_utc":"2024-08-29 13:25:15","modified":"2024-08-29 15:25:15","modified_utc":"2024-08-29 13:25:15","url":"https:\/\/canoff.de\/?tribe_organizer=institut-francais-bremen","organizer":"Institut Fran\u00e7ais Bremen","slug":"institut-francais-bremen","json_ld":{"@type":"Person","name":"Institut Fran\u00e7ais Bremen","description":"","url":"","telephone":"","email":"","sameAs":""},"global_id":"canoff.de?id=845","global_id_lineage":["canoff.de?id=845"]},{"id":849,"author":"1","status":"publish","date":"2024-08-29 15:29:36","date_utc":"2024-08-29 13:29:36","modified":"2024-08-29 15:29:36","modified_utc":"2024-08-29 13:29:36","url":"https:\/\/canoff.de\/?tribe_organizer=deutsch-franzoesische-gesellschaft-bremen","organizer":"Deutsch-Franz\u00f6sische Gesellschaft Bremen","slug":"deutsch-franzoesische-gesellschaft-bremen","json_ld":{"@type":"Person","name":"Deutsch-Franz\u00f6sische Gesellschaft Bremen","description":"","url":"","telephone":"","email":"","sameAs":""},"global_id":"canoff.de?id=849","global_id_lineage":["canoff.de?id=849"]},{"id":850,"author":"1","status":"publish","date":"2024-08-29 15:30:09","date_utc":"2024-08-29 13:30:09","modified":"2024-08-29 15:30:09","modified_utc":"2024-08-29 13:30:09","url":"https:\/\/canoff.de\/?tribe_organizer=buchhandlung-schweitzer-fachinformationen-bremen","organizer":"Buchhandlung Schweitzer Fachinformationen Bremen","slug":"buchhandlung-schweitzer-fachinformationen-bremen","json_ld":{"@type":"Person","name":"Buchhandlung Schweitzer Fachinformationen Bremen","description":"","url":"","telephone":"","email":"","sameAs":""},"global_id":"canoff.de?id=850","global_id_lineage":["canoff.de?id=850"]}],"custom_fields":[],"json_ld":{"@context":"http:\/\/schema.org","@type":"Event","name":"Lesung zur Rentr\u00e9e litt\u00e9raire 2024 | Lecture sur la rentr\u00e9e litt\u00e9raire 2024","description":"&lt;p&gt;Wir m\u00f6chten herzlichst zur diesj\u00e4hrigen Lesung zur Rentr\u00e9e litt\u00e9raire 2024 in der Buchhandlung Schweitzer Fachinformationen einladen. Jedes Jahr erscheinen gegen September eine Vielzahl von B\u00fcchern in frankophonen Verlagen, so viele, wie an anderen Zeitpunkten des Jahres nie. Unter ihnen befinden sich nicht nur hoch interessante sowie spannende Lekt\u00fcren, sondern mit &hellip;&lt;\/p&gt;\\n","image":"https:\/\/canoff.de\/wp-content\/uploads\/2024\/08\/Rentree-litteraire-e1724938085876.jpg","url":"https:\/\/canoff.de\/?tribe_events=lesung-zur-rentree-litteraire-2024-lecture-sur-la-rentree-litteraire-2024","eventAttendanceMode":"https:\/\/schema.org\/OfflineEventAttendanceMode","eventStatus":"https:\/\/schema.org\/EventScheduled","startDate":"2024-09-03T19:00:00+02:00","endDate":"2024-09-03T19:00:00+02:00","location":{"@type":"Place","name":"Schweitzer Fachinformationen","description":"","url":"","address":{"@type":"PostalAddress","streetAddress":"Balgebr\u00fcckstra\u00dfe 16","addressLocality":"Bremen","postalCode":"28195"},"telephone":"","sameAs":""},"organizer":{"@type":"Person","name":"CaNoFF \u2013 Standort Bremen","description":"","url":"","telephone":"","email":"","sameAs":""},"offers":{"@type":"Offer","price":"kostenlos \/ gratuit","priceCurrency":"EUR","url":"https:\/\/canoff.de\/?tribe_events=lesung-zur-rentree-litteraire-2024-lecture-sur-la-rentree-litteraire-2024","category":"primary","availability":"inStock","validFrom":"2024-08-29T00:00:00+00:00"},"performer":"Organization"}}