{"id":837,"global_id":"canoff.de?id=837","global_id_lineage":["canoff.de?id=837"],"author":"1","status":"publish","date":"2024-08-15 13:57:18","date_utc":"2024-08-15 11:57:18","modified":"2024-08-15 13:57:18","modified_utc":"2024-08-15 11:57:18","url":"https:\/\/canoff.de\/?tribe_events=lesung-mit-lucie-rico-lecture-avec-lucie-rico","rest_url":"https:\/\/canoff.de\/index.php?rest_route=\/tribe\/events\/v1\/events\/837","title":"Lesung mit Lucie Rico \/ Lecture avec Lucie Rico","description":"<h3>Die Ballade vom vakuumverpackten H\u00e4hnchen<\/h3>\n<p>Lucie Rico, Autorin des Buches \u201eDie Ballade vom vakuumverpackten H\u00e4hnchen\u201c spricht mit der \u00dcbersetzerin Milena Adam \u00fcber ihr Buch. Gemeinsam lesen sie Passagen aus dem franz\u00f6sischen Original und der deutschen \u00dcbersetzung.<\/p>\n<p><span style=\"text-decoration: underline;\">\u00dcber die Ballade:<\/span><\/p>\n<p>\u201eSchon seit ihrer Jugend ist Hannah Vegetarierin. Sie lebt in der Stadt und hat nur noch wenige Verbindungen zum d\u00f6rflichen Leben ihrer Kindheit. Als jedoch ihre Mutter stirbt, kehrt sie auf deren H\u00fchnerhof zur\u00fcck \u2013 vor\u00fcbergehend, denkt sie, bis alles geregelt ist. Doch das Landleben in seiner Sch\u00f6nheit und seinem Schrecken nimmt sie in Beschlag, und schon bald entwickelt Hannah ein ganz besonderes Verh\u00e4ltnis zu den Tieren: Sie schlachtet und vakuumiert sie, verabschiedet aber jedes H\u00e4hnchen mit einer eigenen Biografie, die der Verpackung beiliegt. Aus dieser Geste der Wertsch\u00e4tzung entsteht ein Marketingprojekt, das irrwitzige Ausma\u00dfe annimmt: \u00bbHannahs H\u00e4hnchen\u00ab werden zum Supermarkthit mit unerwarteten Folgen f\u00fcr Leib und Leben von Mensch und Tier. In Lucie Ricos am\u00fcsantem wie irrwitzigem Roman ger\u00e4t das Leben der Protagonistin innerhalb der unerbittlichen Hackordnung von H\u00fchnerstall, Fleischindustrie und Menschenwelt langsam, aber sicher au\u00dfer Kontrolle, und der Weg vom Bauernhofidyll zur grellen Fleischtheke erscheint k\u00fcrzer als gedacht.\u201c<\/p>\n<p><strong>Lucie Rico<\/strong>, 1988 in Perpignan geboren, schreibt Filme in Aubervilliers, B\u00fccher in Perpignan und unterrichtet literarisches Schreiben in Clermont-Ferrand. Die Ballade vom vakuumverpackten H\u00e4hnchen gewann 2021 den Prix du roman d&#8217;\u00e9cologie und den Cheval Blanc Literaturpreis.<\/p>\n<p><strong>Milena Adam<\/strong>, 1991 in Hamburg geboren, ist \u00dcbersetzerin und Dolmetscherin aus dem Franz\u00f6sischen und Englischen. F\u00fcr Matthes &amp; Seitz Berlin \u00fcbersetzte sie u. a. Sandra Newman, Eileen Myles, Alain Damasio und Cal Flyn. Sie lebt in Berlin.<\/p>\n<p>Zugang von au\u00dfen \u00fcber die Portaltreppe Am Wall!<\/p>\n<p>****<\/p>\n<h3>Le Chant du poulet sous vide<\/h3>\n<p>Lucie Rico, autrice du livre \u00ab Le Chant du poulet sous vide \u00bb, parle de son livre avec la traductrice Milena Adam. Ensemble, elles lisent des passages de l&#8217;original fran\u00e7ais et de la traduction allemande.<\/p>\n<p>A propos de la ballade :<\/p>\n<p>\u00ab Depuis son adolescence, Hannah est v\u00e9g\u00e9tarienne. Elle vit en ville et n&#8217;a que peu de liens avec la vie villageoise de son enfance. Mais lorsque sa m\u00e8re meurt, elle retourne dans sa ferme de poulets &#8211; temporairement, pense-t-elle, jusqu&#8217;\u00e0 ce que tout soit r\u00e9gl\u00e9. Mais la vie \u00e0 la campagne, dans sa beaut\u00e9 et son horreur, l&#8217;accapare et Hannah d\u00e9veloppe bient\u00f4t une relation tr\u00e8s particuli\u00e8re avec les animaux : Elle les abat et les met sous vide, mais prend cong\u00e9 de chaque poulet avec sa propre biographie, jointe \u00e0 l&#8217;emballage. De ce geste d&#8217;estime na\u00eet un projet marketing qui prend des proportions d\u00e9lirantes : les \u00ab poulets de Hannah \u00bb deviennent un succ\u00e8s de supermarch\u00e9 avec des cons\u00e9quences inattendues pour la vie et l&#8217;int\u00e9grit\u00e9 physique des hommes et des animaux. Dans le roman aussi amusant que d\u00e9lirant de Lucie Rico, la vie de la protagoniste au sein de l&#8217;implacable hi\u00e9rarchie du poulailler, de l&#8217;industrie de la viande et du monde des hommes \u00e9chappe lentement mais s\u00fbrement \u00e0 tout contr\u00f4le, et le chemin qui m\u00e8ne de la ferme idyllique au comptoir criard de la viande semble plus court que pr\u00e9vu \u00bb.<\/p>\n<p><strong>Lucie Rico<\/strong>, n\u00e9e en 1988 \u00e0 Perpignan, \u00e9crit des films \u00e0 Aubervilliers, des livres \u00e0 Perpignan et enseigne l&#8217;\u00e9criture litt\u00e9raire \u00e0 Clermont-Ferrand. La Ballade du poulet emball\u00e9 sous vide a remport\u00e9 le Prix du roman d&#8217;\u00e9cologie et le Prix litt\u00e9raire Cheval Blanc en 2021.<\/p>\n<p><strong>Milena Adam<\/strong>, n\u00e9e en 1991 \u00e0 Hambourg, est traductrice et interpr\u00e8te du fran\u00e7ais et de l&#8217;anglais. Pour Matthes &amp; Seitz Berlin, elle a traduit entre autres Sandra Newman, Eileen Myles, Alain Damasio et Cal Flyn. Elle vit \u00e0 Berlin.<\/p>\n<p>Acc\u00e8s de l&#8217;ext\u00e9rieur par l&#8217;escalier du portail Am Wall !<\/p>\n<p><em>Bildquelle: G.Garitan, CC BY-SA 4.0 &lt;https:\/\/creativecommons.org\/licenses\/by-sa\/4.0&gt;, via Wikimedia Commons<\/em><\/p>","excerpt":"","slug":"lesung-mit-lucie-rico-lecture-avec-lucie-rico","image":{"url":"https:\/\/canoff.de\/wp-content\/uploads\/2024\/08\/Lucie_rico_1511852_livre_a_Metz-scaled-e1723722708945.jpg","id":838,"extension":"jpg","width":500,"height":633,"filesize":580957,"sizes":{"medium":{"width":237,"height":300,"mime-type":"image\/jpeg","filesize":63698,"url":"https:\/\/canoff.de\/wp-content\/uploads\/2024\/08\/Lucie_rico_1511852_livre_a_Metz-237x300.jpg"},"large":{"width":809,"height":1024,"mime-type":"image\/jpeg","filesize":164883,"url":"https:\/\/canoff.de\/wp-content\/uploads\/2024\/08\/Lucie_rico_1511852_livre_a_Metz-809x1024.jpg"},"thumbnail":{"width":150,"height":150,"mime-type":"image\/jpeg","filesize":54317,"url":"https:\/\/canoff.de\/wp-content\/uploads\/2024\/08\/Lucie_rico_1511852_livre_a_Metz-150x150.jpg"},"medium_large":{"width":768,"height":972,"mime-type":"image\/jpeg","filesize":155318,"url":"https:\/\/canoff.de\/wp-content\/uploads\/2024\/08\/Lucie_rico_1511852_livre_a_Metz-768x972.jpg"},"1536x1536":{"width":1214,"height":1536,"mime-type":"image\/jpeg","filesize":275222,"url":"https:\/\/canoff.de\/wp-content\/uploads\/2024\/08\/Lucie_rico_1511852_livre_a_Metz-1214x1536.jpg"},"2048x2048":{"width":1618,"height":2048,"mime-type":"image\/jpeg","filesize":414207,"url":"https:\/\/canoff.de\/wp-content\/uploads\/2024\/08\/Lucie_rico_1511852_livre_a_Metz-1618x2048.jpg"},"post-thumbnail":{"width":158,"height":200,"mime-type":"image\/jpeg","filesize":56230,"url":"https:\/\/canoff.de\/wp-content\/uploads\/2024\/08\/Lucie_rico_1511852_livre_a_Metz-158x200.jpg"},"septera-featured":{"width":388,"height":200,"mime-type":"image\/jpeg","filesize":63229,"url":"https:\/\/canoff.de\/wp-content\/uploads\/2024\/08\/Lucie_rico_1511852_livre_a_Metz-388x200.jpg"},"septera-featured-lp":{"width":440,"height":200,"mime-type":"image\/jpeg","filesize":64659,"url":"https:\/\/canoff.de\/wp-content\/uploads\/2024\/08\/Lucie_rico_1511852_livre_a_Metz-440x200.jpg"},"septera-featured-half":{"width":800,"height":200,"mime-type":"image\/jpeg","filesize":74992,"url":"https:\/\/canoff.de\/wp-content\/uploads\/2024\/08\/Lucie_rico_1511852_livre_a_Metz-800x200.jpg"},"septera-featured-third":{"width":512,"height":200,"mime-type":"image\/jpeg","filesize":66775,"url":"https:\/\/canoff.de\/wp-content\/uploads\/2024\/08\/Lucie_rico_1511852_livre_a_Metz-512x200.jpg"},"septera-lpbox-1":{"width":440,"height":300,"mime-type":"image\/jpeg","filesize":72434,"url":"https:\/\/canoff.de\/wp-content\/uploads\/2024\/08\/Lucie_rico_1511852_livre_a_Metz-440x300.jpg"},"septera-lpbox-2":{"width":480,"height":400,"mime-type":"image\/jpeg","filesize":81686,"url":"https:\/\/canoff.de\/wp-content\/uploads\/2024\/08\/Lucie_rico_1511852_livre_a_Metz-480x400.jpg"}},"original_image":"Lucie_rico_1511852_livre_a_Metz.jpg"},"all_day":false,"start_date":"2024-09-12 19:00:00","start_date_details":{"year":"2024","month":"09","day":"12","hour":"19","minutes":"00","seconds":"00"},"end_date":"2024-09-12 19:00:00","end_date_details":{"year":"2024","month":"09","day":"12","hour":"19","minutes":"00","seconds":"00"},"utc_start_date":"2024-09-12 17:00:00","utc_start_date_details":{"year":"2024","month":"09","day":"12","hour":"17","minutes":"00","seconds":"00"},"utc_end_date":"2024-09-12 17:00:00","utc_end_date_details":{"year":"2024","month":"09","day":"12","hour":"17","minutes":"00","seconds":"00"},"timezone":"Europe\/Berlin","timezone_abbr":"CEST","cost":"kostenfrei \/ gratuit","cost_details":{"currency_symbol":"\u20ac","currency_code":"EUR","currency_position":"suffix","values":["kostenfrei-gratuit"]},"website":"","show_map":true,"show_map_link":true,"hide_from_listings":false,"sticky":false,"featured":false,"categories":[{"name":"Lesung","slug":"lesung","term_group":0,"term_taxonomy_id":101,"taxonomy":"tribe_events_cat","description":"","parent":0,"count":17,"filter":"raw","id":101,"urls":{"self":"https:\/\/canoff.de\/index.php?rest_route=\/tribe\/events\/v1\/categories\/101","collection":"https:\/\/canoff.de\/index.php?rest_route=\/tribe\/events\/v1\/categories"}}],"tags":[],"venue":{"id":839,"author":"1","status":"publish","date":"2024-08-15 13:57:18","date_utc":"2024-08-15 11:57:18","modified":"2024-08-15 13:57:18","modified_utc":"2024-08-15 11:57:18","url":"https:\/\/canoff.de\/?tribe_venue=zentralbibliothek-der-stadtbibliothek-bremen","venue":"Zentralbibliothek der Stadtbibliothek Bremen","slug":"zentralbibliothek-der-stadtbibliothek-bremen","address":"Am Wall 201","city":"Bremen","zip":"28195","json_ld":{"@type":"Place","name":"Zentralbibliothek der Stadtbibliothek Bremen","description":"","url":"","address":{"@type":"PostalAddress","streetAddress":"Am Wall 201","addressLocality":"Bremen","postalCode":"28195"},"telephone":"","sameAs":""},"show_map":false,"show_map_link":false,"global_id":"canoff.de?id=839","global_id_lineage":["canoff.de?id=839"]},"organizer":[{"id":840,"author":"1","status":"publish","date":"2024-08-15 13:57:18","date_utc":"2024-08-15 11:57:18","modified":"2024-08-15 13:57:18","modified_utc":"2024-08-15 11:57:18","url":"https:\/\/canoff.de\/?tribe_organizer=stadtbibliothek-bremen","organizer":"Stadtbibliothek Bremen","slug":"stadtbibliothek-bremen","json_ld":{"@type":"Person","name":"Stadtbibliothek Bremen","description":"","url":"","telephone":"","email":"","sameAs":""},"global_id":"canoff.de?id=840","global_id_lineage":["canoff.de?id=840"]}],"custom_fields":[],"json_ld":{"@context":"http:\/\/schema.org","@type":"Event","name":"Lesung mit Lucie Rico \/ Lecture avec Lucie Rico","description":"&lt;p&gt;Die Ballade vom vakuumverpackten H\u00e4hnchen Lucie Rico, Autorin des Buches \u201eDie Ballade vom vakuumverpackten H\u00e4hnchen\u201c spricht mit der \u00dcbersetzerin Milena Adam \u00fcber ihr Buch. Gemeinsam lesen sie Passagen aus dem franz\u00f6sischen Original und der deutschen \u00dcbersetzung. \u00dcber die Ballade: \u201eSchon seit ihrer Jugend ist Hannah Vegetarierin. Sie lebt in der &hellip;&lt;\/p&gt;\\n","image":"https:\/\/canoff.de\/wp-content\/uploads\/2024\/08\/Lucie_rico_1511852_livre_a_Metz-scaled-e1723722708945.jpg","url":"https:\/\/canoff.de\/?tribe_events=lesung-mit-lucie-rico-lecture-avec-lucie-rico","eventAttendanceMode":"https:\/\/schema.org\/OfflineEventAttendanceMode","eventStatus":"https:\/\/schema.org\/EventScheduled","startDate":"2024-09-12T19:00:00+02:00","endDate":"2024-09-12T19:00:00+02:00","location":{"@type":"Place","name":"Zentralbibliothek der Stadtbibliothek Bremen","description":"","url":"","address":{"@type":"PostalAddress","streetAddress":"Am Wall 201","addressLocality":"Bremen","postalCode":"28195"},"telephone":"","sameAs":""},"organizer":{"@type":"Person","name":"Stadtbibliothek Bremen","description":"","url":"","telephone":"","email":"","sameAs":""},"offers":{"@type":"Offer","price":"kostenfrei \/ gratuit","priceCurrency":"EUR","url":"https:\/\/canoff.de\/?tribe_events=lesung-mit-lucie-rico-lecture-avec-lucie-rico","category":"primary","availability":"inStock","validFrom":"2024-08-15T00:00:00+00:00"},"performer":"Organization"}}