{"id":828,"global_id":"canoff.de?id=828","global_id_lineage":["canoff.de?id=828"],"author":"1","status":"publish","date":"2024-07-01 15:20:43","date_utc":"2024-07-01 13:20:43","modified":"2025-12-27 19:02:05","modified_utc":"2025-12-27 18:02:05","url":"https:\/\/canoff.de\/?tribe_events=zu-den-wahlen-in-frankreich-2","rest_url":"https:\/\/canoff.de\/index.php?rest_route=\/tribe\/events\/v1\/events\/828","title":"Zu den Wahlen in Frankreich","description":"<p>Am Mittwoch, den\u00a0<b>3.7. um 18.15 Uhr<\/b>\u00a0freuen wir uns auf eine Online-Diskussion aus der Reihe der Deutsch-Franz\u00f6sischen Zukunftswerkstatt zum Thema\u00a0<i>Nach der Wahl\u00a0Steht Europa vor einer Kurskorrektur?<\/i> mit Clotilde Warin (Minist\u00e8re de l\u2019Europe et des Affaires \u00c8trang\u00e8re, Paris), Dr. Beatrice Gorawantschy (KAS, Br\u00fcssel) und Andreas Noll (Deutschlandfunk). Weitere Informationen und die Anmeldung unter: <a href=\"https:\/\/www.kas.de\/de\/web\/bundesstadt-bonn\/veranstaltungen\/detail\/-\/content\/nach-der-wahl-2\">Nach der Wahl &#8211; B\u00fcro Bundesstadt Bonn &#8211; Konrad-Adenauer-Stiftung (kas.de)<\/a>.<\/p>\n<p>Europa hat gew\u00e4hlt \u2013 jetzt gilt es, eine neue Kommission zu bilden, die vor gro\u00dfen Aufgaben steht.\u00a0Ende Juni macht der Europ\u00e4ische Rat dem Parlament einen ersten Personalvorschlag f\u00fcr das Amt des Kommissionspr\u00e4sidenten. Wird Ursula von der Leyen eine zweite Amtszeit erhalten? Und st\u00fcnde diese Wahl f\u00fcr eine Kurskorrektur? Droht sogar erneut ein Konflikt mit dem Parlament, wenn keiner der Spitzenkandidaten bzw. -kandidatinnen der Fraktionen zum Zuge kommt?<\/p>\n<p>***<\/p>\n<p>Mercredi <strong>3 juillet \u00e0 18h15<\/strong>, nous aurons le plaisir d&#8217;organiser une discussion en ligne dans le cadre de l&#8217;Atelier franco-allemand du futur sur le th\u00e8me &#8222;Apr\u00e8s les \u00e9lections, l&#8217;Europe est-elle en train de corriger le tir ?&#8220; avec Clotilde Warin (Minist\u00e8re de l&#8217;Europe et des Affaires \u00e9trang\u00e8res, Paris), Dr. Beatrice Gorawantschy (KAS, Bruxelles) et Andreas Noll (Deutschlandfunk). Plus d&#8217;informations et inscription sous : <a href=\"https:\/\/www.kas.de\/de\/web\/bundesstadt-bonn\/veranstaltungen\/detail\/-\/content\/nach-der-wahl-2\">Nach der Wahl &#8211; B\u00fcro Bundesstadt Bonn &#8211; Konrad-Adenauer-Stiftung (kas.de)<\/a>.<\/p>\n<p>L&#8217;Europe a vot\u00e9 &#8211; il s&#8217;agit maintenant de former une nouvelle Commission qui doit faire face \u00e0 de grandes t\u00e2ches. Fin juin, le Conseil europ\u00e9en soumettra au Parlement une premi\u00e8re proposition de personnel pour le poste de pr\u00e9sident de la Commission. Ursula von der Leyen obtiendra-t-elle un second mandat ? Et ce choix marquerait-il un changement de cap ? Un nouveau conflit avec le Parlement est-il \u00e0 craindre si aucune des t\u00eates de liste des groupes politiques n&#8217;est retenue ?<\/p>\n<p>Bildquelle: \u00a9 Le Parisien<\/p>","excerpt":"","slug":"zu-den-wahlen-in-frankreich-2","image":false,"all_day":false,"start_date":"2024-07-03 18:15:00","start_date_details":{"year":"2024","month":"07","day":"03","hour":"18","minutes":"15","seconds":"00"},"end_date":"2024-07-03 18:15:00","end_date_details":{"year":"2024","month":"07","day":"03","hour":"18","minutes":"15","seconds":"00"},"utc_start_date":"2024-07-03 16:15:00","utc_start_date_details":{"year":"2024","month":"07","day":"03","hour":"16","minutes":"15","seconds":"00"},"utc_end_date":"2024-07-03 16:15:00","utc_end_date_details":{"year":"2024","month":"07","day":"03","hour":"16","minutes":"15","seconds":"00"},"timezone":"Europe\/Berlin","timezone_abbr":"CEST","cost":"","cost_details":{"currency_symbol":"\u20ac","currency_code":"EUR","currency_position":"suffix","values":[]},"website":"","show_map":true,"show_map_link":true,"hide_from_listings":false,"sticky":false,"featured":false,"categories":[],"tags":[],"venue":[],"organizer":[],"custom_fields":[],"json_ld":{"@context":"http:\/\/schema.org","@type":"Event","name":"Zu den Wahlen in Frankreich","description":"&lt;p&gt;Am Mittwoch, den\u00a03.7. um 18.15 Uhr\u00a0freuen wir uns auf eine Online-Diskussion aus der Reihe der Deutsch-Franz\u00f6sischen Zukunftswerkstatt zum Thema\u00a0Nach der Wahl\u00a0Steht Europa vor einer Kurskorrektur? mit Clotilde Warin (Minist\u00e8re de l\u2019Europe et des Affaires \u00c8trang\u00e8re, Paris), Dr. Beatrice Gorawantschy (KAS, Br\u00fcssel) und Andreas Noll (Deutschlandfunk). Weitere Informationen und die Anmeldung &hellip;&lt;\/p&gt;\\n","url":"https:\/\/canoff.de\/?tribe_events=zu-den-wahlen-in-frankreich-2","eventAttendanceMode":"https:\/\/schema.org\/OfflineEventAttendanceMode","eventStatus":"https:\/\/schema.org\/EventScheduled","startDate":"2024-07-03T18:15:00+02:00","endDate":"2024-07-03T18:15:00+02:00","performer":"Organization"}}