{"id":614,"global_id":"canoff.de?id=614","global_id_lineage":["canoff.de?id=614"],"author":"1","status":"publish","date":"2024-04-24 19:12:00","date_utc":"2024-04-24 17:12:00","modified":"2024-06-02 19:15:45","modified_utc":"2024-06-02 17:15:45","url":"https:\/\/canoff.de\/?tribe_events=lesung-und-gespraech-mit-robert-menasse","rest_url":"https:\/\/canoff.de\/index.php?rest_route=\/tribe\/events\/v1\/events\/614","title":"Lesung und Gespr\u00e4ch mit Robert Menasse","description":"<p>Im Rahmen der<strong> &#8222;Minerva-Lecture&#8220; <\/strong>der Europa-Universit\u00e4t Flensburg wird der vielfach ausgezeichnete<strong> Autor Robert Menasse<\/strong> sein neues Buch<strong> &#8222;Die Welt von morgen. Ein souver\u00e4nes demokratisches Europa \u2013 und seine Feinde&#8220;<\/strong> (Suhrkamp 2024) vorstellen und \u00fcber sein essayistisches und literarisches Engagement f\u00fcr ein<strong> demokratisches Europa<\/strong> sprechen.<\/p>\n<p>Die Veranstaltung richtet sich an alle Interessierten und wird vom &#8222;Interdisciplinary Center for European Studies&#8220; (ICES) und seinen Assoziierten Zentren (CaNoFF, KURS, Centre for Irish Studies) ausgerichtet. In diesem Jahr ist der &#8222;Campus Nord f\u00fcr Frankreich und Frankophonie&#8220; (CaNoFF) f\u00fcr die Organisation verantwortlich.<\/p>\n<p>Weitere Informationen zu Ort und Anmeldung folgen in K\u00fcrze.<\/p>\n<p>***<\/p>\n<p style=\"font-weight: 400;\">Dans le cadre de la <em>Minerva Lecture<\/em> \u00e0 l&#8217;Europa-Universit\u00e4t Flensburg, l&#8217;auteur de renom Robert Menasse pr\u00e9sentera son nouveau livre \u00ab\u00a0Die Welt von morgen. Ein souver\u00e4nes demokratisches Europa \u2013 und seine Feinde\u00a0\u00bb (Suhrkamp 2024). Il parlera de son engagement essayiste et litt\u00e9raire en faveur d\u2019une Europe d\u00e9mocratique.<\/p>\n<p style=\"font-weight: 400;\">Cet \u00e9v\u00e9nement est ouvert \u00e0 toutes et tous.<\/p>\n<p style=\"font-weight: 400;\">Il est organis\u00e9 par l\u2019\u00ab\u00a0Interdisciplinary Center for European Studies\u00a0\u00bb (ICES) et ses centres associ\u00e9s (CaNoFF, KURS, Centre for Irish Studies). Cette ann\u00e9e, le CaNoFF est responsable de l&#8217;organisation de la <em>Minerva Lecture<\/em>.<\/p>\n<p>Le lieu et les modalit\u00e9s d&#8217;inscription seront communiqu\u00e9s prochainement.<\/p>\n<p><em>Bildquelle: Marko Lipus, CC BY 2.0 &lt;https:\/\/creativecommons.org\/licenses\/by\/2.0&gt;, via Wikimedia Commons<\/em><\/p>","excerpt":"","slug":"lesung-und-gespraech-mit-robert-menasse","image":{"url":"https:\/\/canoff.de\/wp-content\/uploads\/2024\/04\/Robert_menasse_cafe_sperl-e1717348526487.jpg","id":615,"extension":"jpg","width":500,"height":333,"filesize":873648,"sizes":{"medium":{"width":300,"height":200,"mime-type":"image\/jpeg","filesize":23946,"url":"https:\/\/canoff.de\/wp-content\/uploads\/2024\/04\/Robert_menasse_cafe_sperl-300x200.jpg"},"large":{"width":1024,"height":683,"mime-type":"image\/jpeg","filesize":98380,"url":"https:\/\/canoff.de\/wp-content\/uploads\/2024\/04\/Robert_menasse_cafe_sperl-1024x683.jpg"},"thumbnail":{"width":150,"height":150,"mime-type":"image\/jpeg","filesize":18136,"url":"https:\/\/canoff.de\/wp-content\/uploads\/2024\/04\/Robert_menasse_cafe_sperl-150x150.jpg"},"medium_large":{"width":768,"height":512,"mime-type":"image\/jpeg","filesize":65837,"url":"https:\/\/canoff.de\/wp-content\/uploads\/2024\/04\/Robert_menasse_cafe_sperl-768x512.jpg"},"1536x1536":{"width":1536,"height":1024,"mime-type":"image\/jpeg","filesize":182257,"url":"https:\/\/canoff.de\/wp-content\/uploads\/2024\/04\/Robert_menasse_cafe_sperl-1536x1024.jpg"},"2048x2048":{"width":2048,"height":1366,"mime-type":"image\/jpeg","filesize":297456,"url":"https:\/\/canoff.de\/wp-content\/uploads\/2024\/04\/Robert_menasse_cafe_sperl-2048x1366.jpg"},"post-thumbnail":{"width":300,"height":200,"mime-type":"image\/jpeg","filesize":23946,"url":"https:\/\/canoff.de\/wp-content\/uploads\/2024\/04\/Robert_menasse_cafe_sperl-300x200.jpg"},"septera-featured":{"width":388,"height":200,"mime-type":"image\/jpeg","filesize":26803,"url":"https:\/\/canoff.de\/wp-content\/uploads\/2024\/04\/Robert_menasse_cafe_sperl-388x200.jpg"},"septera-featured-lp":{"width":440,"height":200,"mime-type":"image\/jpeg","filesize":28400,"url":"https:\/\/canoff.de\/wp-content\/uploads\/2024\/04\/Robert_menasse_cafe_sperl-440x200.jpg"},"septera-featured-half":{"width":800,"height":200,"mime-type":"image\/jpeg","filesize":35859,"url":"https:\/\/canoff.de\/wp-content\/uploads\/2024\/04\/Robert_menasse_cafe_sperl-800x200.jpg"},"septera-featured-third":{"width":512,"height":200,"mime-type":"image\/jpeg","filesize":30152,"url":"https:\/\/canoff.de\/wp-content\/uploads\/2024\/04\/Robert_menasse_cafe_sperl-512x200.jpg"},"septera-lpbox-1":{"width":440,"height":300,"mime-type":"image\/jpeg","filesize":34913,"url":"https:\/\/canoff.de\/wp-content\/uploads\/2024\/04\/Robert_menasse_cafe_sperl-440x300.jpg"},"septera-lpbox-2":{"width":480,"height":400,"mime-type":"image\/jpeg","filesize":44104,"url":"https:\/\/canoff.de\/wp-content\/uploads\/2024\/04\/Robert_menasse_cafe_sperl-480x400.jpg"}}},"all_day":false,"start_date":"2024-06-27 18:00:00","start_date_details":{"year":"2024","month":"06","day":"27","hour":"18","minutes":"00","seconds":"00"},"end_date":"2024-06-27 19:30:00","end_date_details":{"year":"2024","month":"06","day":"27","hour":"19","minutes":"30","seconds":"00"},"utc_start_date":"2024-06-27 16:00:00","utc_start_date_details":{"year":"2024","month":"06","day":"27","hour":"16","minutes":"00","seconds":"00"},"utc_end_date":"2024-06-27 17:30:00","utc_end_date_details":{"year":"2024","month":"06","day":"27","hour":"17","minutes":"30","seconds":"00"},"timezone":"Europe\/Berlin","timezone_abbr":"CEST","cost":"kostenfrei","cost_details":{"currency_symbol":"\u20ac","currency_code":"EUR\t\t\t\t\t\t\tclass=\t\t\t\t\t\t\tclass=\t\t\t\t\t\t\tclass=","currency_position":"suffix","values":["kostenfrei"]},"website":"","show_map":true,"show_map_link":true,"hide_from_listings":false,"sticky":false,"featured":false,"categories":[{"name":"Lesung","slug":"lesung","term_group":0,"term_taxonomy_id":101,"taxonomy":"tribe_events_cat","description":"","parent":0,"count":17,"filter":"raw","id":101,"urls":{"self":"https:\/\/canoff.de\/index.php?rest_route=\/tribe\/events\/v1\/categories\/101","collection":"https:\/\/canoff.de\/index.php?rest_route=\/tribe\/events\/v1\/categories"}}],"tags":[{"name":"Gespr\u00e4ch","slug":"gespraech","term_group":0,"term_taxonomy_id":114,"taxonomy":"post_tag","description":"","parent":0,"count":2,"filter":"raw","id":114,"urls":{"self":"https:\/\/canoff.de\/index.php?rest_route=\/tribe\/events\/v1\/tags\/114","collection":"https:\/\/canoff.de\/index.php?rest_route=\/tribe\/events\/v1\/tags"}},{"name":"Lesung","slug":"lesung","term_group":0,"term_taxonomy_id":112,"taxonomy":"post_tag","description":"","parent":0,"count":2,"filter":"raw","id":112,"urls":{"self":"https:\/\/canoff.de\/index.php?rest_route=\/tribe\/events\/v1\/tags\/112","collection":"https:\/\/canoff.de\/index.php?rest_route=\/tribe\/events\/v1\/tags"}}],"venue":[],"organizer":[{"id":420,"author":"1","status":"publish","date":"2023-11-07 15:33:00","date_utc":"2023-11-07 14:33:00","modified":"2023-11-07 15:33:00","modified_utc":"2023-11-07 14:33:00","url":"https:\/\/canoff.de\/?tribe_organizer=canoff-standort-flensburg","organizer":"CaNoFF \u2013 Standort Flensburg","slug":"canoff-standort-flensburg","json_ld":{"@type":"Person","name":"CaNoFF \u2013 Standort Flensburg","description":"","url":"","telephone":"","email":"","sameAs":""},"global_id":"canoff.de?id=420","global_id_lineage":["canoff.de?id=420"]}],"custom_fields":[],"json_ld":{"@context":"http:\/\/schema.org","@type":"Event","name":"Lesung und Gespr\u00e4ch mit Robert Menasse","description":"&lt;p&gt;Im Rahmen der &quot;Minerva-Lecture&quot; der Europa-Universit\u00e4t Flensburg wird der vielfach ausgezeichnete Autor Robert Menasse sein neues Buch &quot;Die Welt von morgen. Ein souver\u00e4nes demokratisches Europa \u2013 und seine Feinde&quot; (Suhrkamp 2024) vorstellen und \u00fcber sein essayistisches und literarisches Engagement f\u00fcr ein demokratisches Europa sprechen. Die Veranstaltung richtet sich an alle &hellip;&lt;\/p&gt;\\n","image":"https:\/\/canoff.de\/wp-content\/uploads\/2024\/04\/Robert_menasse_cafe_sperl-e1717348526487.jpg","url":"https:\/\/canoff.de\/?tribe_events=lesung-und-gespraech-mit-robert-menasse","eventAttendanceMode":"https:\/\/schema.org\/OfflineEventAttendanceMode","eventStatus":"https:\/\/schema.org\/EventScheduled","startDate":"2024-06-27T18:00:00+02:00","endDate":"2024-06-27T19:30:00+02:00","organizer":{"@type":"Person","name":"CaNoFF \u2013 Standort Flensburg","description":"","url":"","telephone":"","email":"","sameAs":""},"offers":{"@type":"Offer","price":"kostenfrei","priceCurrency":"EUR\t\t\t\t\t\t\tclass=\t\t\t\t\t\t\tclass=\t\t\t\t\t\t\tclass=","url":"https:\/\/canoff.de\/?tribe_events=lesung-und-gespraech-mit-robert-menasse","category":"primary","availability":"inStock","validFrom":"2024-04-24T00:00:00+00:00"},"performer":"Organization"}}