{"id":399,"global_id":"canoff.de?id=399","global_id_lineage":["canoff.de?id=399"],"author":"1","status":"publish","date":"2023-10-19 15:26:48","date_utc":"2023-10-19 13:26:48","modified":"2024-04-27 16:56:03","modified_utc":"2024-04-27 14:56:03","url":"https:\/\/canoff.de\/?tribe_events=eroeffnung-des-campus-nord-fuer-frankreich-frankophonie-am-08-juni-in-bremen","rest_url":"https:\/\/canoff.de\/index.php?rest_route=\/tribe\/events\/v1\/events\/399","title":"CaNoFF-Er\u00f6ffnung am 08. Juni 2023 in Bremen!","description":"<p>Mit der Gr\u00fcndung des \u201eCampus Nord f\u00fcr Frankreich &amp; Frankophonie\u201c im Verbund der Universit\u00e4ten Bremen, Flensburg und Rostock wird erstmals im Norden Deutschlands ein universit\u00e4res Netzwerk f\u00fcr den wissenschaftlichen und kulturellen Austausch frankreich- und frankophoniebezogener Aktivit\u00e4ten entstehen. Das CaNoFF ist ein offener Zusammenschluss und darauf ausgerichtet, alle interessierten Akteur:innen aus Wissenschaft, Kultur, Zivilgesellschaft und Wirtschaft als Mitglieder aufzunehmen und ein gemeinsames Forum f\u00fcr Kommunikation, Wissens- und Kulturtransfer zu bieten.<\/p>\n<h3><\/h3>\n<p>&nbsp;<\/p>\n<h3 class=\"wp-block-heading\">Das Programm<\/h3>\n<h5 class=\"has-accent-1-color has-text-color\"><strong>Begr\u00fc\u00dfung<\/strong><\/h5>\n<p>Senatorin Dr. Claudia Schilling<br \/>\nDie Senatorin f\u00fcr Wissenschaft und H\u00e4fen<\/p>\n<h5 class=\"has-accent-1-color has-text-color\"><strong>Vorstellung<\/strong><\/h5>\n<p>Prof. Dr. Karen Struve<br \/>\nCampus Nord f\u00fcr Frankreich &amp; Frankophonie<\/p>\n<h5 class=\"has-accent-1-color has-text-color\"><strong>Gru\u00dfworte<\/strong><\/h5>\n<h5 class=\"has-accent-1-color has-text-color\"><strong>Vortrag<\/strong><\/h5>\n<p>Ac\u00e8le Nadale<\/p>\n<p><strong>\u201eVielfalt in der Frankophonie: Herausforderung oder Chance f\u00fcr die deutsch-afrikanische Kooperation?<\/strong>\u201c<\/p>\n<h5 class=\"has-accent-1-color has-text-color\"><strong>Musik<\/strong><\/h5>\n<p>Deutsch-Franz\u00f6sischer Chor Bremen<\/p>\n<h5 class=\"has-accent-1-color has-text-color\"><strong>Empfang<\/strong><\/h5>","excerpt":"","slug":"eroeffnung-des-campus-nord-fuer-frankreich-frankophonie-am-08-juni-in-bremen","image":{"url":"https:\/\/canoff.de\/wp-content\/uploads\/2023\/06\/Fotos-Lehmkuehler-2023-9583-scaled.jpg","id":268,"extension":"jpg","width":2560,"height":1707,"filesize":794866,"sizes":{"medium":{"width":300,"height":200,"mime-type":"image\/jpeg","filesize":43526,"url":"https:\/\/canoff.de\/wp-content\/uploads\/2023\/06\/Fotos-Lehmkuehler-2023-9583-300x200.jpg"},"large":{"width":1024,"height":683,"mime-type":"image\/jpeg","filesize":184515,"url":"https:\/\/canoff.de\/wp-content\/uploads\/2023\/06\/Fotos-Lehmkuehler-2023-9583-1024x683.jpg"},"thumbnail":{"width":150,"height":150,"mime-type":"image\/jpeg","filesize":31770,"url":"https:\/\/canoff.de\/wp-content\/uploads\/2023\/06\/Fotos-Lehmkuehler-2023-9583-150x150.jpg"},"medium_large":{"width":768,"height":512,"mime-type":"image\/jpeg","filesize":122496,"url":"https:\/\/canoff.de\/wp-content\/uploads\/2023\/06\/Fotos-Lehmkuehler-2023-9583-768x512.jpg"},"1536x1536":{"width":1536,"height":1024,"mime-type":"image\/jpeg","filesize":342606,"url":"https:\/\/canoff.de\/wp-content\/uploads\/2023\/06\/Fotos-Lehmkuehler-2023-9583-1536x1024.jpg"},"2048x2048":{"width":2048,"height":1365,"mime-type":"image\/jpeg","filesize":547006,"url":"https:\/\/canoff.de\/wp-content\/uploads\/2023\/06\/Fotos-Lehmkuehler-2023-9583-2048x1365.jpg"},"post-thumbnail":{"width":300,"height":200,"mime-type":"image\/jpeg","filesize":43526,"url":"https:\/\/canoff.de\/wp-content\/uploads\/2023\/06\/Fotos-Lehmkuehler-2023-9583-300x200.jpg"},"septera-featured":{"width":388,"height":200,"mime-type":"image\/jpeg","filesize":48650,"url":"https:\/\/canoff.de\/wp-content\/uploads\/2023\/06\/Fotos-Lehmkuehler-2023-9583-388x200.jpg"},"septera-featured-lp":{"width":440,"height":200,"mime-type":"image\/jpeg","filesize":51202,"url":"https:\/\/canoff.de\/wp-content\/uploads\/2023\/06\/Fotos-Lehmkuehler-2023-9583-440x200.jpg"},"septera-featured-half":{"width":800,"height":200,"mime-type":"image\/jpeg","filesize":65202,"url":"https:\/\/canoff.de\/wp-content\/uploads\/2023\/06\/Fotos-Lehmkuehler-2023-9583-800x200.jpg"},"septera-featured-third":{"width":512,"height":200,"mime-type":"image\/jpeg","filesize":54364,"url":"https:\/\/canoff.de\/wp-content\/uploads\/2023\/06\/Fotos-Lehmkuehler-2023-9583-512x200.jpg"},"septera-lpbox-1":{"width":440,"height":300,"mime-type":"image\/jpeg","filesize":63354,"url":"https:\/\/canoff.de\/wp-content\/uploads\/2023\/06\/Fotos-Lehmkuehler-2023-9583-440x300.jpg"},"septera-lpbox-2":{"width":480,"height":400,"mime-type":"image\/jpeg","filesize":77361,"url":"https:\/\/canoff.de\/wp-content\/uploads\/2023\/06\/Fotos-Lehmkuehler-2023-9583-480x400.jpg"}},"original_image":"Fotos-Lehmkuehler-2023-9583.jpg"},"all_day":false,"start_date":"2023-06-08 18:00:00","start_date_details":{"year":"2023","month":"06","day":"08","hour":"18","minutes":"00","seconds":"00"},"end_date":"2023-06-08 21:30:00","end_date_details":{"year":"2023","month":"06","day":"08","hour":"21","minutes":"30","seconds":"00"},"utc_start_date":"2023-06-08 16:00:00","utc_start_date_details":{"year":"2023","month":"06","day":"08","hour":"16","minutes":"00","seconds":"00"},"utc_end_date":"2023-06-08 19:30:00","utc_end_date_details":{"year":"2023","month":"06","day":"08","hour":"19","minutes":"30","seconds":"00"},"timezone":"Europe\/Berlin","timezone_abbr":"CEST","cost":"","cost_details":{"currency_symbol":"","currency_code":"","currency_position":"prefix","values":[]},"website":"","show_map":true,"show_map_link":true,"hide_from_listings":false,"sticky":false,"featured":false,"categories":[],"tags":[],"venue":{"id":401,"author":"1","status":"publish","date":"2023-10-19 15:26:48","date_utc":"2023-10-19 13:26:48","modified":"2023-10-19 15:29:49","modified_utc":"2023-10-19 13:29:49","url":"https:\/\/canoff.de\/?tribe_venue=bremer-rathaus-festsaal","venue":"Bremer Rathaus (Festsaal)","slug":"bremer-rathaus-festsaal","address":"Am Markt 21","city":"Bremen","zip":"28195","json_ld":{"@type":"Place","name":"Bremer Rathaus (Festsaal)","description":"","url":"","address":{"@type":"PostalAddress","streetAddress":"Am Markt 21","addressLocality":"Bremen","postalCode":"28195"},"telephone":"","sameAs":""},"show_map":true,"show_map_link":true,"global_id":"canoff.de?id=401","global_id_lineage":["canoff.de?id=401"]},"organizer":[],"custom_fields":[],"json_ld":{"@context":"http:\/\/schema.org","@type":"Event","name":"CaNoFF-Er\u00f6ffnung am 08. Juni 2023 in Bremen!","description":"&lt;p&gt;Mit der Gr\u00fcndung des \u201eCampus Nord f\u00fcr Frankreich &amp; Frankophonie\u201c im Verbund der Universit\u00e4ten Bremen, Flensburg und Rostock wird erstmals im Norden Deutschlands ein universit\u00e4res Netzwerk f\u00fcr den wissenschaftlichen und kulturellen Austausch frankreich- und frankophoniebezogener Aktivit\u00e4ten entstehen. Das CaNoFF ist ein offener Zusammenschluss und darauf ausgerichtet, alle interessierten Akteur:innen aus &hellip;&lt;\/p&gt;\\n","image":"https:\/\/canoff.de\/wp-content\/uploads\/2023\/06\/Fotos-Lehmkuehler-2023-9583-scaled.jpg","url":"https:\/\/canoff.de\/?tribe_events=eroeffnung-des-campus-nord-fuer-frankreich-frankophonie-am-08-juni-in-bremen","eventAttendanceMode":"https:\/\/schema.org\/OfflineEventAttendanceMode","eventStatus":"https:\/\/schema.org\/EventScheduled","startDate":"2023-06-08T18:00:00+02:00","endDate":"2023-06-08T21:30:00+02:00","location":{"@type":"Place","name":"Bremer Rathaus (Festsaal)","description":"","url":"","address":{"@type":"PostalAddress","streetAddress":"Am Markt 21","addressLocality":"Bremen","postalCode":"28195"},"telephone":"","sameAs":""},"performer":"Organization"}}