{"id":2008,"global_id":"canoff.de?id=2008","global_id_lineage":["canoff.de?id=2008"],"author":"1","status":"publish","date":"2026-09-03 18:42:37","date_utc":"2026-09-03 16:42:37","modified":"2026-09-03 18:45:42","modified_utc":"2026-09-03 16:45:42","url":"https:\/\/canoff.de\/?tribe_events=werkstattgespraech-mit-anais-depommier-die-kinder-von-buchenwald","rest_url":"https:\/\/canoff.de\/index.php?rest_route=\/tribe\/events\/v1\/events\/2008","title":"Werkstattgespr\u00e4ch mit Ana\u00efs Depommier &#8222;Die Kinder von Buchenwald&#8220;","description":"<p><img loading=\"lazy\" decoding=\"async\" class=\"alignnone size-medium wp-image-2014\" src=\"https:\/\/canoff.de\/wp-content\/uploads\/2026\/09\/anais-depommier-nb2-236x300.jpg\" alt=\"\" width=\"236\" height=\"300\" srcset=\"https:\/\/canoff.de\/wp-content\/uploads\/2026\/09\/anais-depommier-nb2-236x300.jpg 236w, https:\/\/canoff.de\/wp-content\/uploads\/2026\/09\/anais-depommier-nb2-768x977.jpg 768w, https:\/\/canoff.de\/wp-content\/uploads\/2026\/09\/anais-depommier-nb2-157x200.jpg 157w, https:\/\/canoff.de\/wp-content\/uploads\/2026\/09\/anais-depommier-nb2.jpg 786w\" sizes=\"auto, (max-width: 236px) 100vw, 236px\" \/><\/p>\n<p>\u00a9 DP<\/p>\n<p>Nach der Befreiung des Konzentrationslagers Buchenwald im April 1945 stehen mehr als tausend ju\u0308dische Kinder vor einer ungewissen Zukunft. Sie haben auf wundersame Weise u\u0308berlebt, doch die meisten sind Waisen. Eine internationale Hilfsaktion unter der Leitung des \u0152uvre de Secours aux Enfants nimmt sich ihrer an und versucht, ihnen Halt zu geben.Im Juni 1945 finden 426 von ihnen fu\u0308r einen Sommer Zuflucht in der Normandie. Viele sind krank, traumatisiert und heimatlos. A\u0308rzte, Pa\u0308dagogen und Sozialarbeiter begleiten sie, helfen ihnen, neue Kraft zu scho\u0308pfen und Schritt fu\u0308r Schritt wieder Freude am Leben zu entdecken.Auf Grundlage der Erinnerungen der U\u0308berlebenden erza\u0308hlt die Historikerin Dominique Missika in dieser Graphic Novel die bewegende Geschichte der Kinder von Buchenwald.<\/p>\n<p>In Kooperation mit dem Kulturb\u00fcro Bremen \/ Raum 404<\/p>\n<p><strong>Anai\u0308s Depommier<\/strong> ist eine franz\u00f6sische Comiczeichnerin, Illustratorin und Grafikerin mit zahlreichen Vero\u0308ffentlichungen.<\/p>\n<p>Moderation <strong>Prof. Dr. Karen Struve<\/strong><\/p>\n<p>___________________<\/p>\n<p>&nbsp;<\/p>\n<p>Avec la participation d&#8216;<strong>Ana\u00efs Depommier<\/strong> (France), m\u00e9diation assur\u00e9e par <strong>Karen Struve<\/strong> (Universit\u00e9 de Br\u00eame).<\/p>\n<p><strong>Les enfants de Buchenwald<\/strong><\/p>\n<p>Ana\u00efs Depommier est une dessinatrice de bande dessin\u00e9e, illustratrice et graphiste fran\u00e7aise, autrice de nombreuses publications. Dominique Missika est une \u00e9ditrice, journaliste et historienne fran\u00e7aise, \u00e9galement membre de la Fondation pour la m\u00e9moire de la Shoah.<\/p>\n<p>Apr\u00e8s la lib\u00e9ration du camp de concentration de Buchenwald en avril 1945, plus de mille enfants juifs font face \u00e0 un avenir incertain. Bien qu&#8217;ils aient surv\u00e9cu par miracle, la plupart d&#8217;entre eux sont d\u00e9sormais orphelins. Une action humanitaire internationale men\u00e9e par l\u2019\u0152uvre de Secours aux Enfants (OSE) les prend alors en charge pour tenter de leur apporter un peu de soutien et de stabilit\u00e9. En juin 1945, 426 de ces enfants trouvent refuge pour un \u00e9t\u00e9 en Normandie. Beaucoup sont malades, traumatis\u00e9s et sans foyer. Des m\u00e9decins, des \u00e9ducateurs et des travailleurs sociaux les accompagnent au quotidien pour les aider \u00e0 reprendre des forces et \u00e0 retrouver, pas \u00e0 pas, le go\u00fbt de vivre. En s&#8217;appuyant sur les souvenirs des survivants, l&#8217;historienne Dominique Missika retrace cette histoire particuli\u00e8rement \u00e9mouvante dans ce roman graphique.<\/p>\n<p>Vous trouverez plus d&#8217;informations sur l&#8217;\u0153uvre \u00e0 l&#8217;adresse suivante : <a href=\"https:\/\/www.bahoebooks.net\/buch\/die-kinder-buchenwald\/\" target=\"_blank\" rel=\"nofollow noopener\">https:\/\/www.bahoebooks.net\/buch\/die-kinder-buchenwald\/<\/a><\/p>\n<p>Cette rencontre, organis\u00e9e par Raum 404, se d\u00e9roule dans le cadre de l\u2019exposition \u00ab Geschichte Erinnern. Die Shoa in Comics. Eine Ausstellung mit Bahoe Books aus Wien \u00bb.<\/p>\n<p>Pour obtenir plus d&#8217;informations sur <a href=\"https:\/\/kulturbuero-bremen.de\/en\/geschichte-erinnern-die-shoa-in-comics\/\" rel=\"nofollow\">l&#8217;exposition et le programme.<\/a><\/p>","excerpt":"","slug":"werkstattgespraech-mit-anais-depommier-die-kinder-von-buchenwald","image":false,"all_day":false,"start_date":"2026-09-10 19:00:00","start_date_details":{"year":"2026","month":"09","day":"10","hour":"19","minutes":"00","seconds":"00"},"end_date":"2026-09-10 21:00:00","end_date_details":{"year":"2026","month":"09","day":"10","hour":"21","minutes":"00","seconds":"00"},"utc_start_date":"2026-09-10 17:00:00","utc_start_date_details":{"year":"2026","month":"09","day":"10","hour":"17","minutes":"00","seconds":"00"},"utc_end_date":"2026-09-10 19:00:00","utc_end_date_details":{"year":"2026","month":"09","day":"10","hour":"19","minutes":"00","seconds":"00"},"timezone":"Europe\/Berlin","timezone_abbr":"CEST","cost":"","cost_details":{"currency_symbol":"\u20ac","currency_code":"EUR","currency_position":"suffix","values":[]},"website":"https:\/\/www.logbuchladen.de\/events.html","show_map":true,"show_map_link":true,"hide_from_listings":false,"sticky":false,"featured":false,"categories":[{"name":"Lesung","slug":"lesung","term_group":0,"term_taxonomy_id":101,"taxonomy":"tribe_events_cat","description":"","parent":0,"count":18,"filter":"raw","id":101,"urls":{"self":"https:\/\/canoff.de\/index.php?rest_route=\/tribe\/events\/v1\/categories\/101","collection":"https:\/\/canoff.de\/index.php?rest_route=\/tribe\/events\/v1\/categories"}}],"tags":[],"venue":{"id":2009,"author":"1","status":"publish","date":"2026-09-03 18:34:31","date_utc":"0000-00-00 00:00:00","modified":"2026-09-03 18:34:31","modified_utc":"0000-00-00 00:00:00","url":"https:\/\/canoff.de\/?tribe_venue=logbuchladen","venue":"Logbuchladen","slug":"logbuchladen","address":"Vegesacker Stra\u00dfe 1","city":"Bremen","zip":"28217","json_ld":{"@type":"Place","name":"Logbuchladen","description":"","url":"","address":{"@type":"PostalAddress","streetAddress":"Vegesacker Stra\u00dfe 1","addressLocality":"Bremen","postalCode":"28217"},"telephone":"","sameAs":""},"show_map":true,"show_map_link":true,"global_id":"canoff.de?id=2009","global_id_lineage":["canoff.de?id=2009"]},"organizer":[],"custom_fields":[],"json_ld":{"@context":"http:\/\/schema.org","@type":"Event","name":"Werkstattgespr\u00e4ch mit Ana\u00efs Depommier &#8222;Die Kinder von Buchenwald&#8220;","description":"&lt;p&gt;\u00a9 DP Nach der Befreiung des Konzentrationslagers Buchenwald im April 1945 stehen mehr als tausend ju\u0308dische Kinder vor einer ungewissen Zukunft. Sie haben auf wundersame Weise u\u0308berlebt, doch die meisten sind Waisen. Eine internationale Hilfsaktion unter der Leitung des \u0152uvre de Secours aux Enfants nimmt sich ihrer an und versucht, &hellip;&lt;\/p&gt;\\n","url":"https:\/\/canoff.de\/?tribe_events=werkstattgespraech-mit-anais-depommier-die-kinder-von-buchenwald","eventAttendanceMode":"https:\/\/schema.org\/OfflineEventAttendanceMode","eventStatus":"https:\/\/schema.org\/EventScheduled","startDate":"2026-09-10T19:00:00+02:00","endDate":"2026-09-10T21:00:00+02:00","location":{"@type":"Place","name":"Logbuchladen","description":"","url":"","address":{"@type":"PostalAddress","streetAddress":"Vegesacker Stra\u00dfe 1","addressLocality":"Bremen","postalCode":"28217"},"telephone":"","sameAs":""},"performer":"Organization"}}