{"id":1999,"global_id":"canoff.de?id=1999","global_id_lineage":["canoff.de?id=1999"],"author":"1","status":"publish","date":"2026-08-31 16:31:40","date_utc":"2026-08-31 14:31:40","modified":"2026-08-31 16:31:40","modified_utc":"2026-08-31 14:31:40","url":"https:\/\/canoff.de\/?tribe_events=internationale-summerschool-utopie-und-dystopie-un-moeglichkeitsdenken-in-literatur-und-kunst","rest_url":"https:\/\/canoff.de\/index.php?rest_route=\/tribe\/events\/v1\/events\/1999","title":"Internationale Summerschool &#8222;Utopie und Dystopie: Un\/M\u00f6glichkeitsdenken in Literatur und Kunst&#8220;","description":"<p>Internationale Summerschool<\/p>\n<p><strong>Utopie und Dystopie: Un\/M\u00f6glichkeitsdenken in Literatur und Kunst<\/strong><\/p>\n<p><strong>ausgerichtet von den Instituten f\u00fcr Germanistik und Romanistik der Europa-Universit\u00e4t Flensburg unter Beteiligung des CaNoFF<\/strong><\/p>\n<p>Der thematische Schwerpunkt der internationalen Summerschool liegt auf der Ambivalenz von Utopien und Dystopien: Utopien und Dystopien gab es zwar schon immer, doch im Kontext einer Welt in der Krise haben sie in Kunst und Literatur an Pr\u00e4senz gewonnen. W\u00e4hrend Utopien einerseits als Projekte betrachtet werden k\u00f6nnen, die eine positive, ideale Zukunft suggerieren, wird von Dystopien erwartet, dass sie eine Warnfunktion erf\u00fcllen, indem sie dem Gestalt geben, was um jeden Preis vermieden werden soll. Der gew\u00e4hlte Ansatz folgt bewusst nicht dieser bin\u00e4ren Sichtweise. Die Geschichte der Utopie ist n\u00e4mlich auch die Geschichte ihrer Ambivalenz bzw. auch des Umschlagens von Utopie in Dystopie oder umgekehrt, wie unter anderem die Art und Weise zeigt, wie die Umsetzung utopischer Modelle zu Realit\u00e4ten gef\u00fchrt hat, die ihr widersprechen. Anhand eines Korpus literarischer und dokumentarischer Werke sollen die Darstellungen dieser Ambivalenz in Vergangenheit und Gegenwart untersucht werden.<\/p>\n<p>Details zu den Inhalten entnehmen Sie bitte dem Programm.<\/p>\n<p>Die <u>Workshopeinheiten am Vormittag (jeweils 9-12 Uhr) sind f\u00fcr Interessierte ge\u00f6ffnet<\/u>. Wir bitten um Anmeldung (an: ma&#114;&#103;&#111;&#116;&#x2e;&#x62;&#x72;&#x69;&#x6e;k&#64;&#117;&#110;&#105;&#45;&#x66;&#x6c;&#x65;&#x6e;&#x73;bu&#114;&#103;&#46;&#100;&#x65;), damit wir ggf. Materialien zur Verf\u00fcgung stellen\u00a0und Plan\u00e4nderungen mitteilen k\u00f6nnen.<\/p>\n<p>&nbsp;<\/p>","excerpt":"","slug":"internationale-summerschool-utopie-und-dystopie-un-moeglichkeitsdenken-in-literatur-und-kunst","image":{"url":"https:\/\/canoff.de\/wp-content\/uploads\/2026\/08\/Thomas-Morus-Utopia-1516.jpg","id":2000,"extension":"jpg","width":475,"height":645,"filesize":69624,"sizes":{"medium":{"width":221,"height":300,"mime-type":"image\/jpeg","filesize":22126,"url":"https:\/\/canoff.de\/wp-content\/uploads\/2026\/08\/Thomas-Morus-Utopia-1516-221x300.jpg"},"thumbnail":{"width":150,"height":150,"mime-type":"image\/jpeg","filesize":7816,"url":"https:\/\/canoff.de\/wp-content\/uploads\/2026\/08\/Thomas-Morus-Utopia-1516-150x150.jpg"},"post-thumbnail":{"width":147,"height":200,"mime-type":"image\/jpeg","filesize":9912,"url":"https:\/\/canoff.de\/wp-content\/uploads\/2026\/08\/Thomas-Morus-Utopia-1516-147x200.jpg"},"septera-featured":{"width":388,"height":200,"mime-type":"image\/jpeg","filesize":25617,"url":"https:\/\/canoff.de\/wp-content\/uploads\/2026\/08\/Thomas-Morus-Utopia-1516-388x200.jpg"},"septera-featured-lp":{"width":440,"height":200,"mime-type":"image\/jpeg","filesize":28100,"url":"https:\/\/canoff.de\/wp-content\/uploads\/2026\/08\/Thomas-Morus-Utopia-1516-440x200.jpg"},"septera-featured-half":{"width":475,"height":200,"mime-type":"image\/jpeg","filesize":33334,"url":"https:\/\/canoff.de\/wp-content\/uploads\/2026\/08\/Thomas-Morus-Utopia-1516-475x200.jpg"},"septera-featured-third":{"width":475,"height":200,"mime-type":"image\/jpeg","filesize":33334,"url":"https:\/\/canoff.de\/wp-content\/uploads\/2026\/08\/Thomas-Morus-Utopia-1516-475x200.jpg"},"septera-lpbox-1":{"width":440,"height":300,"mime-type":"image\/jpeg","filesize":42149,"url":"https:\/\/canoff.de\/wp-content\/uploads\/2026\/08\/Thomas-Morus-Utopia-1516-440x300.jpg"},"septera-lpbox-2":{"width":475,"height":400,"mime-type":"image\/jpeg","filesize":66066,"url":"https:\/\/canoff.de\/wp-content\/uploads\/2026\/08\/Thomas-Morus-Utopia-1516-475x400.jpg"}}},"all_day":true,"start_date":"2026-09-07 00:00:00","start_date_details":{"year":"2026","month":"09","day":"07","hour":"00","minutes":"00","seconds":"00"},"end_date":"2026-09-11 23:59:59","end_date_details":{"year":"2026","month":"09","day":"11","hour":"23","minutes":"59","seconds":"59"},"utc_start_date":"2026-09-06 22:00:00","utc_start_date_details":{"year":"2026","month":"09","day":"06","hour":"22","minutes":"00","seconds":"00"},"utc_end_date":"2026-09-11 21:59:59","utc_end_date_details":{"year":"2026","month":"09","day":"11","hour":"21","minutes":"59","seconds":"59"},"timezone":"Europe\/Berlin","timezone_abbr":"CEST","cost":"frei","cost_details":{"currency_symbol":"\u20ac","currency_code":"EUR","currency_position":"suffix","values":["frei"]},"website":"","show_map":true,"show_map_link":true,"hide_from_listings":false,"sticky":false,"featured":false,"categories":[{"name":"Summerschool","slug":"summerschool","term_group":0,"term_taxonomy_id":156,"taxonomy":"tribe_events_cat","description":"","parent":0,"count":1,"filter":"raw","id":156,"urls":{"self":"https:\/\/canoff.de\/index.php?rest_route=\/tribe\/events\/v1\/categories\/156","collection":"https:\/\/canoff.de\/index.php?rest_route=\/tribe\/events\/v1\/categories"}}],"tags":[],"venue":[],"organizer":[],"custom_fields":[],"json_ld":{"@context":"http:\/\/schema.org","@type":"Event","name":"Internationale Summerschool &#8222;Utopie und Dystopie: Un\/M\u00f6glichkeitsdenken in Literatur und Kunst&#8220;","description":"&lt;p&gt;Internationale Summerschool Utopie und Dystopie: Un\/M\u00f6glichkeitsdenken in Literatur und Kunst ausgerichtet von den Instituten f\u00fcr Germanistik und Romanistik der Europa-Universit\u00e4t Flensburg unter Beteiligung des CaNoFF Der thematische Schwerpunkt der internationalen Summerschool liegt auf der Ambivalenz von Utopien und Dystopien: Utopien und Dystopien gab es zwar schon immer, doch im Kontext &hellip;&lt;\/p&gt;\\n","image":"https:\/\/canoff.de\/wp-content\/uploads\/2026\/08\/Thomas-Morus-Utopia-1516.jpg","url":"https:\/\/canoff.de\/?tribe_events=internationale-summerschool-utopie-und-dystopie-un-moeglichkeitsdenken-in-literatur-und-kunst","eventAttendanceMode":"https:\/\/schema.org\/OfflineEventAttendanceMode","eventStatus":"https:\/\/schema.org\/EventScheduled","startDate":"2026-09-07T00:00:00+02:00","endDate":"2026-09-11T23:59:59+02:00","offers":{"@type":"Offer","price":"frei","priceCurrency":"EUR","url":"https:\/\/canoff.de\/?tribe_events=internationale-summerschool-utopie-und-dystopie-un-moeglichkeitsdenken-in-literatur-und-kunst","category":"primary","availability":"inStock","validFrom":"2026-08-31T00:00:00+00:00"},"performer":"Organization"}}