{"id":1641,"global_id":"canoff.de?id=1641","global_id_lineage":["canoff.de?id=1641"],"author":"1","status":"publish","date":"2026-03-16 08:39:37","date_utc":"2026-03-16 07:39:37","modified":"2026-03-16 08:39:37","modified_utc":"2026-03-16 07:39:37","url":"https:\/\/canoff.de\/?tribe_events=foto-ausstellung-poser-pour-la-liberte-in-rostock","rest_url":"https:\/\/canoff.de\/index.php?rest_route=\/tribe\/events\/v1\/events\/1641","title":"Foto-Ausstellung &#8222;Poser pour la libert\u00e9&#8220; in Rostock !","description":"<div>\n<p class=\"p1\">Was bedeutet es, als Wissenschaftler*in das eigene Land verlassen zu m\u00fcssen? Wie steht es um die Wissenschaftsfreiheit und das <b>Wissenschaftsexil<\/b> in Europa? Dies sind Themen der Ausstellung \u201eStanding for Freedom \u2013 Poser pour la libert\u00e9\u201c, in deren Mittelpunkt Forschende im Exil und das Thema des Wissenschaftsexils stehen. Zu sehen ist die Ausstellung <b>vom 13. Juni bis zum 02. Juli<\/b> iRathaus der freien Hansestadt Rostock. Dem <b>CaNoFF (Campus Nord f\u00fcr Frankreich und Frankofonie)<\/b> und der Universit\u00e4t Rostock ist es mit finanzieller Unterst\u00fctzung des <b>Institut fran\u00e7ais d\u2019Allemagne (Berlin)<\/b> gelungen, diese wichtige Ausstellung nun auch in Rostock zeigen zu k\u00f6nnen.<\/p>\n<p class=\"query-text-line ng-star-inserted\">Im Mittelpunkt der englisch- und franz\u00f6sischsprachigen Ausstellung stehen f\u00fcnfzehn Portr\u00e4ts von Wissenschaftler*innen, die ins Exil gezwungen wurden. Der thematische Bogen der Ausstellung ist weit gespannt, er reicht von der Geschichte des Wissenschaftsasyls \u00fcber Forschende in Lebensgefahr, Wissenschaft im Exil bis hin zu aktiven Formen der Solidarit\u00e4t. Die Ausstellung ist an der Schnittstelle zwischen wissenschaftlicher Forschung und Kunst entstanden: Ausgangspunkt war das Forschungs- und Kreativprojekt Blick auf das erzwungene wissenschaftliche Exil von gestern und heute (RESTRICA), das von Pascale Laborier, Professorin an der Universit\u00e4t Paris-Nanterre und am Institut f\u00fcr Sozialwissenschaften der Politik (ISP), und dem Fotografen Pierre-J\u00e9r\u00f4me Adjedj entwickelt wurde. In Zusammenarbeit mit dem PAUSE-Programm (Programme national d\u2019accueil en urgence des scientifiques en exil) und der Open Society Foundation wurden 55 Portr\u00e4ts von exilierten Akademikern und ihren Gastgebern erstellt. Die Ausstellung zeigt 15 dieser Portr\u00e4ts. Seit ihrer Entstehung im M\u00e4rz 2021 in der Cit\u00e9 du Design in Saint-\u00c9tienne wurde die Ausstellung 27 Mal in Frankreich, Deutschland, Belgien, Uruguay und den USA gezeigt (weitere Informationen finden\u00a0Sie auf der Website\u00a0www.standingforfreedom.eu).<\/p>\n<p class=\"query-text-line ng-star-inserted\"><strong>Organisation<\/strong>: CaNoFF (Campus Nord f\u00fcr Frankreich und Frankophonie), Prof.in Stephanie Wodianka<\/p>\n<p class=\"query-text-line ng-star-inserted\"><strong>Kooperationspartner<\/strong>: Institut fran\u00e7ais d\u2019Allemagne (Berlin)<\/p>\n<p>****<\/p>\n<p data-path-to-node=\"3\">Que signifie devoir quitter son pays en tant que scientifique ? Quel est l&#8217;\u00e9tat de la libert\u00e9 acad\u00e9mique et de l&#8217;exil scientifique en Europe ? Tels sont les th\u00e8mes de l&#8217;exposition \u00ab Standing for Freedom \u2013 Poser pour la libert\u00e9 \u00bb, qui met en lumi\u00e8re les chercheurs en exil et la question de l&#8217;exil scientifique. L&#8217;exposition sera pr\u00e9sent\u00e9e <strong>du 13 juin au 2 juillet \u00e0 l&#8217;h\u00f4tel de ville de la ville hans\u00e9atique de Rostock<\/strong>. Gr\u00e2ce au soutien financier de l&#8217;Institut fran\u00e7ais d&#8217;Allemagne (Berlin), le CaNoFF (Campus Nord pour la France et la Francophonie) et l&#8217;Universit\u00e9 de Rostock ont r\u00e9ussi \u00e0 faire venir cette exposition importante \u00e0 Rostock.<\/p>\n<p data-path-to-node=\"4\">Au c\u0153ur de cette exposition bilingue (anglais-fran\u00e7ais) se trouvent quinze portraits de scientifiques contraints \u00e0 l&#8217;exil. Le spectre th\u00e9matique est large : il va de l&#8217;histoire de l&#8217;asile scientifique aux formes actives de solidarit\u00e9, en passant par les chercheurs en danger de mort et la science en exil. L&#8217;exposition est n\u00e9e \u00e0 l&#8217;interface entre la recherche scientifique et l&#8217;art : le point de d\u00e9part est le projet de recherche et de cr\u00e9ation \u00ab Regards sur l&#8217;exil scientifique contraint d&#8217;hier et d&#8217;aujourd&#8217;hui \u00bb (RESTRICA), d\u00e9velopp\u00e9 par Pascale Laborier, professeure \u00e0 l&#8217;Universit\u00e9 Paris-Nanterre et \u00e0 l&#8217;Institut des Sciences sociales du Politique (ISP), et le photographe Pierre-J\u00e9r\u00f4me Adjedj. En collaboration avec le programme PAUSE (Programme national d\u2019accueil en urgence des scientifiques en exil) et l&#8217;Open Society Foundation, 55 portraits d&#8217;universitaires exil\u00e9s et de leurs h\u00f4tes ont \u00e9t\u00e9 r\u00e9alis\u00e9s. L&#8217;exposition en pr\u00e9sente 15. Depuis sa cr\u00e9ation en mars 2021 \u00e0 la Cit\u00e9 du Design de Saint-\u00c9tienne, l&#8217;exposition a \u00e9t\u00e9 pr\u00e9sent\u00e9e 27 fois en France, en Allemagne, en Belgique, en Uruguay et aux \u00c9tats-Unis (pour plus d&#8217;informations, consultez le site www.standingforfreedom.eu).<\/p>\n<p data-path-to-node=\"5\"><b data-path-to-node=\"5\" data-index-in-node=\"0\">Organisation :<\/b> CaNoFF (Campus Nord pour la France et la Francophonie), Prof. Dr. Stephanie Wodianka<\/p>\n<p data-path-to-node=\"5\"><b data-path-to-node=\"5\" data-index-in-node=\"100\">Partenaire de coop\u00e9ration :<\/b> Institut fran\u00e7ais d\u2019Allemagne (Berlin)<\/p>\n<\/div>","excerpt":"","slug":"foto-ausstellung-poser-pour-la-liberte-in-rostock","image":{"url":"https:\/\/canoff.de\/wp-content\/uploads\/2026\/03\/Poster_International_300dpi_Version_1.jpg","id":1634,"extension":"jpg","width":9933,"height":14043,"filesize":12882052},"all_day":true,"start_date":"2026-06-13 00:00:00","start_date_details":{"year":"2026","month":"06","day":"13","hour":"00","minutes":"00","seconds":"00"},"end_date":"2026-07-02 23:59:59","end_date_details":{"year":"2026","month":"07","day":"02","hour":"23","minutes":"59","seconds":"59"},"utc_start_date":"2026-06-12 22:00:00","utc_start_date_details":{"year":"2026","month":"06","day":"12","hour":"22","minutes":"00","seconds":"00"},"utc_end_date":"2026-07-02 21:59:59","utc_end_date_details":{"year":"2026","month":"07","day":"02","hour":"21","minutes":"59","seconds":"59"},"timezone":"Europe\/Berlin","timezone_abbr":"CEST","cost":"kostenfrei | gratuit","cost_details":{"currency_symbol":"\u20ac","currency_code":"EUR","currency_position":"suffix","values":["kostenfrei-gratuit"]},"website":"","show_map":true,"show_map_link":true,"hide_from_listings":false,"sticky":false,"featured":false,"categories":[],"tags":[],"venue":{"id":1642,"author":"1","status":"publish","date":"2026-03-16 08:39:37","date_utc":"2026-03-16 07:39:37","modified":"2026-03-16 08:39:37","modified_utc":"2026-03-16 07:39:37","url":"https:\/\/canoff.de\/?tribe_venue=rathaus-der-hanse-und-universitaetsstadt-rostock","venue":"Rathaus der Hanse- und Universit\u00e4tsstadt Rostock","slug":"rathaus-der-hanse-und-universitaetsstadt-rostock","address":"Neuer Markt 1","city":"Rostock","json_ld":{"@type":"Place","name":"Rathaus der Hanse- und Universit\u00e4tsstadt Rostock","description":"","url":"","address":{"@type":"PostalAddress","streetAddress":"Neuer Markt 1","addressLocality":"Rostock"},"telephone":"","sameAs":""},"show_map":true,"show_map_link":true,"global_id":"canoff.de?id=1642","global_id_lineage":["canoff.de?id=1642"]},"organizer":[{"id":349,"author":"1","status":"publish","date":"2023-10-14 09:43:18","date_utc":"2023-10-14 07:43:18","modified":"2023-10-14 09:43:18","modified_utc":"2023-10-14 07:43:18","url":"https:\/\/canoff.de\/?tribe_organizer=canoff-standort-rostock","organizer":"CaNoFF \u2013 Standort Rostock","slug":"canoff-standort-rostock","json_ld":{"@type":"Person","name":"CaNoFF \u2013 Standort Rostock","description":"","url":"","telephone":"","email":"","sameAs":""},"global_id":"canoff.de?id=349","global_id_lineage":["canoff.de?id=349"]},{"id":1636,"author":"1","status":"publish","date":"2026-03-16 08:13:48","date_utc":"2026-03-16 07:13:48","modified":"2026-03-16 08:13:48","modified_utc":"2026-03-16 07:13:48","url":"https:\/\/canoff.de\/?tribe_organizer=institut-francais-dallemagne","organizer":"Institut Fran\u00e7ais d&#8217;Allemagne","slug":"institut-francais-dallemagne","json_ld":{"@type":"Person","name":"Institut Fran\u00e7ais d&#8217;Allemagne","description":"","url":"","telephone":"","email":"","sameAs":""},"global_id":"canoff.de?id=1636","global_id_lineage":["canoff.de?id=1636"]}],"custom_fields":[],"json_ld":{"@context":"http:\/\/schema.org","@type":"Event","name":"Foto-Ausstellung &#8222;Poser pour la libert\u00e9&#8220; in Rostock !","description":"&lt;p&gt;Was bedeutet es, als Wissenschaftler*in das eigene Land verlassen zu m\u00fcssen? Wie steht es um die Wissenschaftsfreiheit und das Wissenschaftsexil in Europa? Dies sind Themen der Ausstellung \u201eStanding for Freedom \u2013 Poser pour la libert\u00e9\u201c, in deren Mittelpunkt Forschende im Exil und das Thema des Wissenschaftsexils stehen. Zu sehen ist &hellip;&lt;\/p&gt;\\n","image":"https:\/\/canoff.de\/wp-content\/uploads\/2026\/03\/Poster_International_300dpi_Version_1.jpg","url":"https:\/\/canoff.de\/?tribe_events=foto-ausstellung-poser-pour-la-liberte-in-rostock","eventAttendanceMode":"https:\/\/schema.org\/OfflineEventAttendanceMode","eventStatus":"https:\/\/schema.org\/EventScheduled","startDate":"2026-06-13T00:00:00+02:00","endDate":"2026-07-02T23:59:59+02:00","location":{"@type":"Place","name":"Rathaus der Hanse- und Universit\u00e4tsstadt Rostock","description":"","url":"","address":{"@type":"PostalAddress","streetAddress":"Neuer Markt 1","addressLocality":"Rostock"},"telephone":"","sameAs":""},"organizer":{"@type":"Person","name":"CaNoFF \u2013 Standort Rostock","description":"","url":"","telephone":"","email":"","sameAs":""},"offers":{"@type":"Offer","price":"kostenfrei | gratuit","priceCurrency":"EUR","url":"https:\/\/canoff.de\/?tribe_events=foto-ausstellung-poser-pour-la-liberte-in-rostock","category":"primary","availability":"inStock","validFrom":"1970-01-01T00:00:00+00:00"},"performer":"Organization"}}