{"id":1633,"global_id":"canoff.de?id=1633","global_id_lineage":["canoff.de?id=1633"],"author":"1","status":"publish","date":"2026-03-16 08:13:48","date_utc":"2026-03-16 07:13:48","modified":"2026-03-30 10:08:24","modified_utc":"2026-03-30 08:08:24","url":"https:\/\/canoff.de\/?tribe_events=foto-ausstellung-poser-pour-la-liberte-in-bremen","rest_url":"https:\/\/canoff.de\/index.php?rest_route=\/tribe\/events\/v1\/events\/1633","title":"Foto-Ausstellung &#8222;Poser pour la libert\u00e9&#8220; in Bremen !","description":"<div>\n<p class=\"p1\">Was bedeutet es, als Wissenschaftler*in das eigene Land verlassen zu m\u00fcssen? Wie steht es um die Wissenschaftsfreiheit und das <b>Wissenschaftsexil<\/b> in Europa? Dies sind Themen der Ausstellung \u201eStanding for Freedom \u2013 Poser pour la libert\u00e9\u201c, in deren Mittelpunkt Forschende im Exil und das Thema des Wissenschaftsexils stehen. Zu sehen ist die Ausstellung <b>vom 25. M\u00e4rz bis zum 15. April<\/b> in der neuen Kassenhalle im alten Sparkassengeb\u00e4ude am Brill. Dem <b>CaNoFF (Campus Nord f\u00fcr Frankreich und Frankofonie)<\/b> und der Universit\u00e4t Bremen ist es mit finanzieller Unterst\u00fctzung des <b>Institut fran\u00e7ais d\u2019Allemagne (Berlin)<\/b> gelungen, diese wichtige Ausstellung nun auch in Bremen zeigen zu k\u00f6nnen. Er\u00f6ffnet wird die Ausstellung mit einer <b>Vernissage am 25. M\u00e4rz um 18:00 Uhr in Anwesenheit des Fotografen und Co-Kurators Pierre-J\u00e9r\u00f4me Adjedj<\/b>, der eine Einf\u00fchrung in das Thema und die Gestaltung der Ausstellung geben wird.<\/p>\n<\/div>\n<div>\n<p class=\"p1\">\n<\/div>\n<div>\n<p class=\"p1\">Im Mittelpunkt der englisch- und franz\u00f6sischsprachigen Ausstellung stehen f\u00fcnfzehn <b>Portr\u00e4ts von Wissenschaftler*innen<\/b>, die ins Exil gezwungen wurden. Der thematische Bogen der Ausstellung ist weit gespannt, er reicht von der Geschichte des Wissenschaftsasyls \u00fcber Forschende in Lebensgefahr, Wissenschaft im Exil bis hin zu aktiven Formen der Solidarit\u00e4t.<\/p>\n<\/div>\n<div>\n<p class=\"p1\">Die Ausstellung ist an der Schnittstelle zwischen wissenschaftlicher Forschung und Kunst entstanden: Ausgangspunkt war das Forschungs- und Kreativprojekt Blick auf das erzwungene wissenschaftliche Exil von gestern und heute (RESTRICA), das von <b>Pascale Laborier<\/b>, Professorin an der Universit\u00e4t Paris-Nanterre am Institut des sciences sociales du politique und dem Fotografen <b>Pierre-J\u00e9r\u00f4me Adjedj<\/b> entwickelt wurde. In Zusammenarbeit mit dem <b>PAUSE-Programm (Programme national d\u2019accueil en urgence des scientifiques en exil)<\/b> und der <b>Open Society Foundation<\/b>wurden 55 Portr\u00e4ts von exilierten Akademikern und ihren Gastgebern erstellt. Die Ausstellung zeigt 15 dieser Portr\u00e4ts. Der Katalog zur Ausstellung enth\u00e4lt weitere der Portr\u00e4ts sowie von den fotografierten Personen verfasste Texte.<\/p>\n<\/div>\n<div>\n<p class=\"p1\">Seit ihrer Entstehung im M\u00e4rz 2021 in der Cit\u00e9 du Design in Saint-\u00c9tienne wurde die Ausstellung 27 Mal in Frankreich, Deutschland, Belgien, Uruguay und den USA gezeigt (weitere Informationen finden <span class=\"s1\">Sie auf der Website <\/span><a href=\"http:\/\/www.standingforfreedom.eu\/\">www.standingforfreedom.eu<\/a><span class=\"s1\">). <\/span><\/p>\n<\/div>\n<div>\n<p class=\"p1\"><span class=\"s1\">Nach der Ausstellungszeit in Bremen wandert die Ausstellung an die beiden weiteren CaNoFF-Standorte an die Europa-Universit\u00e4t Flensburg und an die Universit\u00e4t Rostock.<\/span><\/p>\n<h2>Allgemeine Informationen<\/h2>\n<\/div>\n<div>\n<ul>\n<li><b>Organisation:<\/b> Prof. Karen Struve und Dr. Johanne Mohs f\u00fcr CaNoFF<\/li>\n<li><b>Kooperationspartner:<\/b> Institut fran\u00e7ais d\u2019Allemagne (Berlin)<\/li>\n<li><b>\u00d6ffnungszeiten:<\/b>\n<ul>\n<li style=\"list-style-type: none;\">\n<ul>\n<li><b>26. M\u00e4rz \u2013 2. April 10\u201316 Uhr<\/b><\/li>\n<li><b>3.\u201315. April 9-17 Uhr<\/b><\/li>\n<li><b>jeweils Wochenende und Feiertage geschlossen!<\/b><\/li>\n<\/ul>\n<\/li>\n<\/ul>\n<\/li>\n<\/ul>\n<\/div>\n<div><\/div>\n<div><\/div>\n<div>***<\/div>\n<div>\n<p data-path-to-node=\"3\">Que signifie, pour un scientifique, de devoir quitter son propre pays ? Qu\u2019en est-il de la libert\u00e9 acad\u00e9mique et de l\u2019exil scientifique en Europe ? Tels sont les th\u00e8mes de l\u2019exposition <b data-path-to-node=\"3\" data-index-in-node=\"185\">\u00ab Standing for Freedom \u2013 Poser pour la libert\u00e9 \u00bb<\/b>, qui met en lumi\u00e8re les chercheurs et chercheuses en exil. L\u2019exposition sera pr\u00e9sent\u00e9e du <b data-path-to-node=\"4\" data-index-in-node=\"31\">25 mars au 15 avril<\/b> dans l&#8217;ancienne salle des guichets du b\u00e2timent Sparkasse am Brill. Gr\u00e2ce au soutien financier de l\u2019<b data-path-to-node=\"4\" data-index-in-node=\"150\">Institut fran\u00e7ais d\u2019Allemagne (Berlin)<\/b>, le <b data-path-to-node=\"4\" data-index-in-node=\"193\">CaNoFF<\/b> (Campus Nord pour la France et la Francophonie) et l\u2019<b data-path-to-node=\"4\" data-index-in-node=\"253\">Universit\u00e9 de Br\u00eame<\/b> ont le plaisir de faire escale cette exposition majeure \u00e0 Br\u00eame. Le vernissage aura lieu le <b data-path-to-node=\"5\" data-index-in-node=\"27\">25 mars \u00e0 18h00<\/b>, en pr\u00e9sence du photographe et co-commissaire <b data-path-to-node=\"5\" data-index-in-node=\"89\">Pierre-J\u00e9r\u00f4me Adjedj<\/b>, qui proposera une introduction \u00e0 la th\u00e9matique et \u00e0 la sc\u00e9nographie de l\u2019exposition.<\/p>\n<\/div>\n<div>\n<p data-path-to-node=\"8\">Au c\u0153ur de cette exposition bilingue (anglais et fran\u00e7ais) se trouvent <b data-path-to-node=\"8\" data-index-in-node=\"71\">quinze portraits de scientifiques contraints \u00e0 l\u2019exil<\/b>. Le parcours th\u00e9matique est vaste : il retrace l\u2019histoire de l\u2019asile scientifique, \u00e9voque les chercheurs en danger de mort, aborde la science en exil et pr\u00e9sente les formes actives de solidarit\u00e9. L\u2019exposition est n\u00e9e \u00e0 la crois\u00e9e de la recherche scientifique et de l\u2019art. Le point de d\u00e9part est le projet de recherche et de cr\u00e9ation <b data-path-to-node=\"9\" data-index-in-node=\"137\">RESTRICA<\/b> (<i data-path-to-node=\"9\" data-index-in-node=\"147\">Regard sur l\u2019exil scientifique contraint d\u2019hier et d\u2019aujourd\u2019hui<\/i>), d\u00e9velopp\u00e9 par <b data-path-to-node=\"9\" data-index-in-node=\"228\">Pascale Laborier<\/b>, professeure \u00e0 l\u2019Universit\u00e9 Paris-Nanterre (Institut des sciences sociales du politique), et le photographe <b data-path-to-node=\"9\" data-index-in-node=\"353\">Pierre-J\u00e9r\u00f4me Adjedj<\/b>.<\/p>\n<p data-path-to-node=\"10\">En collaboration avec le <b data-path-to-node=\"10\" data-index-in-node=\"25\">Programme PAUSE<\/b> (Programme national d\u2019accueil en urgence des scientifiques en exil) et l\u2019<b data-path-to-node=\"10\" data-index-in-node=\"114\">Open Society Foundation<\/b>, 55 portraits d\u2019universitaires exil\u00e9s et de leurs h\u00f4tes ont \u00e9t\u00e9 r\u00e9alis\u00e9s. L\u2019exposition en pr\u00e9sente 15. Le catalogue de l\u2019exposition contient d&#8217;autres portraits ainsi que des textes r\u00e9dig\u00e9s par les personnes photographi\u00e9es.<\/p>\n<p data-path-to-node=\"12\">Depuis sa cr\u00e9ation en mars 2021 \u00e0 la Cit\u00e9 du Design de Saint-\u00c9tienne, l\u2019exposition a \u00e9t\u00e9 pr\u00e9sent\u00e9e \u00e0 27 reprises en France, en Allemagne, en Belgique, en Uruguay et aux \u00c9tats-Unis (plus d&#8217;informations sur le site <a class=\"ng-star-inserted\" href=\"http:\/\/www.standingforfreedom.eu\/\" target=\"_blank\" rel=\"noopener\" data-hveid=\"0\" data-ved=\"0CAAQ_4QMahcKEwjb7OWC7aOTAxUAAAAAHQAAAAAQMA\">www.standingforfreedom.eu<\/a>).<\/p>\n<p data-path-to-node=\"13\">Apr\u00e8s son passage \u00e0 Br\u00eame, l\u2019exposition rejoindra les deux autres sites du CaNoFF : l\u2019Universit\u00e9 europ\u00e9enne de Flensbourg et l\u2019Universit\u00e9 de Rostock.<\/p>\n<h2 data-path-to-node=\"15\">Informations pratiques<\/h2>\n<ul data-path-to-node=\"16\">\n<li>\n<p data-path-to-node=\"16,0,0\"><b data-path-to-node=\"16,0,0\" data-index-in-node=\"0\">Organisation :<\/b> Prof. Karen Struve et Dr. Johanne Mohs pour le CaNoFF<\/p>\n<\/li>\n<li>\n<p data-path-to-node=\"16,1,0\"><b data-path-to-node=\"16,1,0\" data-index-in-node=\"0\">Partenaire :<\/b> Institut fran\u00e7ais d\u2019Allemagne (Berlin)<\/p>\n<\/li>\n<li>\n<p data-path-to-node=\"16,2,0\"><b data-path-to-node=\"16,2,0\" data-index-in-node=\"0\">Horaires d\u2019ouverture :<\/b><\/p>\n<ul>\n<li style=\"list-style-type: none;\">\n<ul data-path-to-node=\"16\">\n<li>Du 26 mars au 2 avril, de 10 h \u00e0 16 h<\/li>\n<li>Du 3 au 15 avril, de 9 h \u00e0 17 h<\/li>\n<li>En g\u00e9n\u00e9ral ferm\u00e9 les week-ends et jours f\u00e9ri\u00e9s !<\/li>\n<\/ul>\n<\/li>\n<\/ul>\n<\/li>\n<\/ul>\n<\/div>","excerpt":"","slug":"foto-ausstellung-poser-pour-la-liberte-in-bremen","image":{"url":"https:\/\/canoff.de\/wp-content\/uploads\/2026\/03\/Poster_International_300dpi_Version_1.jpg","id":1634,"extension":"jpg","width":9933,"height":14043,"filesize":12882052},"all_day":true,"start_date":"2026-03-25 00:00:00","start_date_details":{"year":"2026","month":"03","day":"25","hour":"00","minutes":"00","seconds":"00"},"end_date":"2026-04-15 23:59:59","end_date_details":{"year":"2026","month":"04","day":"15","hour":"23","minutes":"59","seconds":"59"},"utc_start_date":"2026-03-24 23:00:00","utc_start_date_details":{"year":"2026","month":"03","day":"24","hour":"23","minutes":"00","seconds":"00"},"utc_end_date":"2026-04-15 21:59:59","utc_end_date_details":{"year":"2026","month":"04","day":"15","hour":"21","minutes":"59","seconds":"59"},"timezone":"Europe\/Berlin","timezone_abbr":"CET","cost":"kostenfrei | gratuit","cost_details":{"currency_symbol":"\u20ac","currency_code":"EUR","currency_position":"suffix","values":["kostenfrei-gratuit"]},"website":"","show_map":true,"show_map_link":true,"hide_from_listings":false,"sticky":false,"featured":false,"categories":[],"tags":[],"venue":{"id":1635,"author":"1","status":"publish","date":"2026-03-16 08:13:48","date_utc":"2026-03-16 07:13:48","modified":"2026-03-16 08:13:48","modified_utc":"2026-03-16 07:13:48","url":"https:\/\/canoff.de\/?tribe_venue=neue-kassenhalle-im-alten-sparkassengebaeude-am-brill","venue":"Neue Kassenhalle im alten Sparkassengeb\u00e4ude am Brill","slug":"neue-kassenhalle-im-alten-sparkassengebaeude-am-brill","address":"Jakobistra\u00dfe 1","city":"Bremen","json_ld":{"@type":"Place","name":"Neue Kassenhalle im alten Sparkassengeb\u00e4ude am Brill","description":"","url":"","address":{"@type":"PostalAddress","streetAddress":"Jakobistra\u00dfe 1","addressLocality":"Bremen"},"telephone":"","sameAs":""},"show_map":true,"show_map_link":true,"global_id":"canoff.de?id=1635","global_id_lineage":["canoff.de?id=1635"]},"organizer":[{"id":358,"author":"1","status":"publish","date":"2023-10-16 20:25:55","date_utc":"0000-00-00 00:00:00","modified":"2023-10-16 20:25:55","modified_utc":"0000-00-00 00:00:00","url":"https:\/\/canoff.de\/?tribe_organizer=canoff-standort-bremen","organizer":"CaNoFF \u2013 Standort Bremen","slug":"canoff-standort-bremen","json_ld":{"@type":"Person","name":"CaNoFF \u2013 Standort Bremen","description":"","url":"","telephone":"","email":"","sameAs":""},"global_id":"canoff.de?id=358","global_id_lineage":["canoff.de?id=358"]},{"id":1636,"author":"1","status":"publish","date":"2026-03-16 08:13:48","date_utc":"2026-03-16 07:13:48","modified":"2026-03-16 08:13:48","modified_utc":"2026-03-16 07:13:48","url":"https:\/\/canoff.de\/?tribe_organizer=institut-francais-dallemagne","organizer":"Institut Fran\u00e7ais d&#8217;Allemagne","slug":"institut-francais-dallemagne","json_ld":{"@type":"Person","name":"Institut Fran\u00e7ais d&#8217;Allemagne","description":"","url":"","telephone":"","email":"","sameAs":""},"global_id":"canoff.de?id=1636","global_id_lineage":["canoff.de?id=1636"]}],"custom_fields":[],"json_ld":{"@context":"http:\/\/schema.org","@type":"Event","name":"Foto-Ausstellung &#8222;Poser pour la libert\u00e9&#8220; in Bremen !","description":"&lt;p&gt;Was bedeutet es, als Wissenschaftler*in das eigene Land verlassen zu m\u00fcssen? Wie steht es um die Wissenschaftsfreiheit und das Wissenschaftsexil in Europa? Dies sind Themen der Ausstellung \u201eStanding for Freedom \u2013 Poser pour la libert\u00e9\u201c, in deren Mittelpunkt Forschende im Exil und das Thema des Wissenschaftsexils stehen. Zu sehen ist &hellip;&lt;\/p&gt;\\n","image":"https:\/\/canoff.de\/wp-content\/uploads\/2026\/03\/Poster_International_300dpi_Version_1.jpg","url":"https:\/\/canoff.de\/?tribe_events=foto-ausstellung-poser-pour-la-liberte-in-bremen","eventAttendanceMode":"https:\/\/schema.org\/OfflineEventAttendanceMode","eventStatus":"https:\/\/schema.org\/EventScheduled","startDate":"2026-03-25T00:00:00+01:00","endDate":"2026-04-15T23:59:59+02:00","location":{"@type":"Place","name":"Neue Kassenhalle im alten Sparkassengeb\u00e4ude am Brill","description":"","url":"","address":{"@type":"PostalAddress","streetAddress":"Jakobistra\u00dfe 1","addressLocality":"Bremen"},"telephone":"","sameAs":""},"organizer":{"@type":"Person","name":"CaNoFF \u2013 Standort Bremen","description":"","url":"","telephone":"","email":"","sameAs":""},"offers":{"@type":"Offer","price":"kostenfrei | gratuit","priceCurrency":"EUR","url":"https:\/\/canoff.de\/?tribe_events=foto-ausstellung-poser-pour-la-liberte-in-bremen","category":"primary","availability":"inStock","validFrom":"1970-01-01T00:00:00+00:00"},"performer":"Organization"}}