{"id":1368,"global_id":"canoff.de?id=1368","global_id_lineage":["canoff.de?id=1368"],"author":"1","status":"publish","date":"2026-01-10 00:00:58","date_utc":"2026-01-09 23:00:58","modified":"2025-12-16 16:08:17","modified_utc":"2025-12-16 15:08:17","url":"https:\/\/canoff.de\/?tribe_events=la-communaute-francophone-de-breme-vous-invite","rest_url":"https:\/\/canoff.de\/index.php?rest_route=\/tribe\/events\/v1\/events\/1368","title":"La Communaut\u00e9 francophone de Br\u00eame vous invite !","description":"<p>Die Communaut\u00e9 francophone de Br\u00eame m\u00f6chte herzlich zur Teilnahme am <em>Raclette et cin\u00e9<\/em>-Abend am 21.02. um 18.30 Uhr einladen.<\/p>\n<p>Die Communaut\u00e9 Francophone de Br\u00eame erleichtert die Integration franz\u00f6sischsprachiger Neuank\u00f6mmlinge in Bremen, verbindet Franz\u00f6sischsprachige und franz\u00f6sischsprachige Initiativen miteinander, mit dem Ziel, in einer f\u00fcr alle offenen Gemeinschaft zusammenzuleben.<\/p>\n<p>Diese und weitere Informationen und Veranstaltungen finden Sie auf der Webseite der CFB: <a href=\"https:\/\/www.cfbreme.com\/\">https:\/\/www.cfbreme.com\/<\/a><\/p>\n<p>***<\/p>\n<p>La Communaut\u00e9 francophone de Br\u00eame vous invite cordialement \u00e0 participer \u00e0 la soir\u00e9e <em>Raclette et cin\u00e9<\/em> le 21 f\u00e9vrier \u00e0 18h30.<\/p>\n<p>La Communaut\u00e9 Francophone de Br\u00eame facilite l\u2019int\u00e9gration des nouveaux arrivants francophones \u00e0 Br\u00eame, connecte les francophones et initiatives francophones entre eux, dans le but de vivre ensemble dans une forme de communaut\u00e9 ouverte \u00e0 toutes et tous.<\/p>\n<p>Vous trouverez ces informations et d\u2019autres encore, ainsi que le programme des manifestations, sur le site web de la CFB : <a href=\"https:\/\/www.cfbreme.com\/\">https:\/\/www.cfbreme.com\/<\/a><\/p>","excerpt":"","slug":"la-communaute-francophone-de-breme-vous-invite","image":{"url":"https:\/\/canoff.de\/wp-content\/uploads\/2025\/12\/Les-activites-de-la-CFB-janvierfevrier-e1765897405949.jpg","id":1365,"extension":"jpg","width":300,"height":425,"filesize":28553,"sizes":{"medium":{"width":212,"height":300,"mime-type":"image\/jpeg","filesize":16803,"url":"https:\/\/canoff.de\/wp-content\/uploads\/2025\/12\/Les-activites-de-la-CFB-janvierfevrier-212x300.jpg"},"thumbnail":{"width":150,"height":150,"mime-type":"image\/jpeg","filesize":7625,"url":"https:\/\/canoff.de\/wp-content\/uploads\/2025\/12\/Les-activites-de-la-CFB-janvierfevrier-150x150.jpg"},"post-thumbnail":{"width":141,"height":200,"mime-type":"image\/jpeg","filesize":8797,"url":"https:\/\/canoff.de\/wp-content\/uploads\/2025\/12\/Les-activites-de-la-CFB-janvierfevrier-141x200.jpg"},"septera-featured":{"width":388,"height":200,"mime-type":"image\/jpeg","filesize":17566,"url":"https:\/\/canoff.de\/wp-content\/uploads\/2025\/12\/Les-activites-de-la-CFB-janvierfevrier-388x200.jpg"},"septera-featured-lp":{"width":440,"height":200,"mime-type":"image\/jpeg","filesize":17092,"url":"https:\/\/canoff.de\/wp-content\/uploads\/2025\/12\/Les-activites-de-la-CFB-janvierfevrier-440x200.jpg"},"septera-featured-half":{"width":595,"height":200,"mime-type":"image\/jpeg","filesize":20925,"url":"https:\/\/canoff.de\/wp-content\/uploads\/2025\/12\/Les-activites-de-la-CFB-janvierfevrier-595x200.jpg"},"septera-featured-third":{"width":512,"height":200,"mime-type":"image\/jpeg","filesize":17968,"url":"https:\/\/canoff.de\/wp-content\/uploads\/2025\/12\/Les-activites-de-la-CFB-janvierfevrier-512x200.jpg"},"septera-lpbox-1":{"width":440,"height":300,"mime-type":"image\/jpeg","filesize":29298,"url":"https:\/\/canoff.de\/wp-content\/uploads\/2025\/12\/Les-activites-de-la-CFB-janvierfevrier-440x300.jpg"},"septera-lpbox-2":{"width":480,"height":400,"mime-type":"image\/jpeg","filesize":38069,"url":"https:\/\/canoff.de\/wp-content\/uploads\/2025\/12\/Les-activites-de-la-CFB-janvierfevrier-480x400.jpg"}}},"all_day":false,"start_date":"2026-02-21 18:30:00","start_date_details":{"year":"2026","month":"02","day":"21","hour":"18","minutes":"30","seconds":"00"},"end_date":"2026-02-21 18:30:00","end_date_details":{"year":"2026","month":"02","day":"21","hour":"18","minutes":"30","seconds":"00"},"utc_start_date":"2026-02-21 17:30:00","utc_start_date_details":{"year":"2026","month":"02","day":"21","hour":"17","minutes":"30","seconds":"00"},"utc_end_date":"2026-02-21 17:30:00","utc_end_date_details":{"year":"2026","month":"02","day":"21","hour":"17","minutes":"30","seconds":"00"},"timezone":"Europe\/Berlin","timezone_abbr":"CET","cost":"kostenfrei | gratuit","cost_details":{"currency_symbol":"\u20ac","currency_code":"EUR","currency_position":"suffix","values":["kostenfrei-gratuit"]},"website":"","show_map":true,"show_map_link":true,"hide_from_listings":false,"sticky":false,"featured":false,"categories":[],"tags":[],"venue":{"id":862,"author":"1","status":"publish","date":"2024-09-30 15:52:37","date_utc":"2024-09-30 13:52:37","modified":"2024-09-30 15:52:37","modified_utc":"2024-09-30 13:52:37","url":"https:\/\/canoff.de\/?tribe_venue=institut-francais-bremen","venue":"Institut Fran\u00e7ais Bremen","slug":"institut-francais-bremen","address":"Contrescarpe 19","city":"Bremen","zip":"28203","json_ld":{"@type":"Place","name":"Institut Fran\u00e7ais Bremen","description":"","url":"","address":{"@type":"PostalAddress","streetAddress":"Contrescarpe 19","addressLocality":"Bremen","postalCode":"28203"},"telephone":"","sameAs":""},"show_map":false,"show_map_link":false,"global_id":"canoff.de?id=862","global_id_lineage":["canoff.de?id=862"]},"organizer":[{"id":1115,"author":"1","status":"publish","date":"2025-09-29 14:02:50","date_utc":"2025-09-29 12:02:50","modified":"2025-12-16 16:02:24","modified_utc":"2025-12-16 15:02:24","url":"https:\/\/canoff.de\/?tribe_organizer=communaute-francophone-de-breme-cfb","organizer":"Communaut\u00e9 francophone de Br\u00eame (CfB)","slug":"communaute-francophone-de-breme-cfb","json_ld":{"@type":"Person","name":"Communaut\u00e9 francophone de Br\u00eame (CfB)","description":"","url":"","telephone":"","email":"","sameAs":""},"global_id":"canoff.de?id=1115","global_id_lineage":["canoff.de?id=1115"]}],"custom_fields":[],"json_ld":{"@context":"http:\/\/schema.org","@type":"Event","name":"La Communaut\u00e9 francophone de Br\u00eame vous invite !","description":"&lt;p&gt;Die Communaut\u00e9 francophone de Br\u00eame m\u00f6chte herzlich zur Teilnahme am Raclette et cin\u00e9-Abend am 21.02. um 18.30 Uhr einladen. Die Communaut\u00e9 Francophone de Br\u00eame erleichtert die Integration franz\u00f6sischsprachiger Neuank\u00f6mmlinge in Bremen, verbindet Franz\u00f6sischsprachige und franz\u00f6sischsprachige Initiativen miteinander, mit dem Ziel, in einer f\u00fcr alle offenen Gemeinschaft zusammenzuleben. Diese und weitere &hellip;&lt;\/p&gt;\\n","image":"https:\/\/canoff.de\/wp-content\/uploads\/2025\/12\/Les-activites-de-la-CFB-janvierfevrier-e1765897405949.jpg","url":"https:\/\/canoff.de\/?tribe_events=la-communaute-francophone-de-breme-vous-invite","eventAttendanceMode":"https:\/\/schema.org\/OfflineEventAttendanceMode","eventStatus":"https:\/\/schema.org\/EventScheduled","startDate":"2026-02-21T18:30:00+01:00","endDate":"2026-02-21T18:30:00+01:00","location":{"@type":"Place","name":"Institut Fran\u00e7ais Bremen","description":"","url":"","address":{"@type":"PostalAddress","streetAddress":"Contrescarpe 19","addressLocality":"Bremen","postalCode":"28203"},"telephone":"","sameAs":""},"organizer":{"@type":"Person","name":"Communaut\u00e9 francophone de Br\u00eame (CfB)","description":"","url":"","telephone":"","email":"","sameAs":""},"offers":{"@type":"Offer","price":"kostenfrei | gratuit","priceCurrency":"EUR","url":"https:\/\/canoff.de\/?tribe_events=la-communaute-francophone-de-breme-vous-invite","category":"primary","availability":"inStock","validFrom":"1970-01-01T00:00:00+00:00"},"performer":"Organization"}}