{"id":1119,"global_id":"canoff.de?id=1119","global_id_lineage":["canoff.de?id=1119"],"author":"1","status":"publish","date":"2025-09-29 14:16:35","date_utc":"2025-09-29 12:16:35","modified":"2025-09-29 14:17:08","modified_utc":"2025-09-29 12:17:08","url":"https:\/\/canoff.de\/?tribe_events=thementag-romanistik-an-der-universitaet-bremen","rest_url":"https:\/\/canoff.de\/index.php?rest_route=\/tribe\/events\/v1\/events\/1119","title":"Thementag Romanistik an der Universit\u00e4t Bremen","description":"<p>Am 05.09. findet an der Universit\u00e4t Bremen der Thementag Romanistik statt. In unterschiedlichen Veranstaltungen zeigen Lehrende und Studierende kreativ, woraus ein Studium des Franz\u00f6sischen und Spanischen besteht, stellen die vielen Berufszweige vor, die dieses Studium erm\u00f6glicht und warum es sich lohnt, ein Studium der Romanistik aufzunehmen.<\/p>\n<p>Unser Ziel ist es, durch offene und interaktive Angebote die franz\u00f6sische und die spanische Sprache und Kultur mit allen Sinnen erlebbar zu machen und zu zeigen, dass ein Sprachstudium viel mehr bedeutet als eine Sprache zu lernen: Literatur und Film, Comics und Kultur, Geschichte und Gegenwart \u2013 in Europa und der ganzen Welt. Wir m\u00f6chten :<\/p>\n<ul class=\"list-normal\">\n<li>Sch\u00fcler:innen ab der 9. Klasse dazu motivieren, die Sprachen zu lernen, weiterzuverfolgen und m\u00f6gliche Perspektiven an der Universit\u00e4t Bremen vorstellen,<\/li>\n<li>durch unterschiedlich gestaltete Ateliers f\u00fcr das aktive Erleben der Fremdsprachen Franz\u00f6sisch und Spanisch begeistern, aufzeigen, wie lebendig, interkulturell, international und vielseitig das Lernen einer Fremdsprache und ein Sprachenstudium sind,<\/li>\n<li>Einblicke in die Studieng\u00e4nge Franz\u00f6sisch und Spanisch an der Universit\u00e4t Bremen geben.<\/li>\n<\/ul>","excerpt":"","slug":"thementag-romanistik-an-der-universitaet-bremen","image":{"url":"https:\/\/canoff.de\/wp-content\/uploads\/2025\/09\/csm_Transfer_Thementag_Romanistik_Smiley_7b3ed6ef52-e1759148224616.jpg","id":1120,"extension":"jpg","width":400,"height":400,"filesize":52459,"sizes":{"medium":{"width":300,"height":300,"mime-type":"image\/jpeg","filesize":31065,"url":"https:\/\/canoff.de\/wp-content\/uploads\/2025\/09\/csm_Transfer_Thementag_Romanistik_Smiley_7b3ed6ef52-300x300.jpg"},"large":{"width":1024,"height":1024,"mime-type":"image\/jpeg","filesize":269839,"url":"https:\/\/canoff.de\/wp-content\/uploads\/2025\/09\/csm_Transfer_Thementag_Romanistik_Smiley_7b3ed6ef52-1024x1024.jpg"},"thumbnail":{"width":150,"height":150,"mime-type":"image\/jpeg","filesize":8698,"url":"https:\/\/canoff.de\/wp-content\/uploads\/2025\/09\/csm_Transfer_Thementag_Romanistik_Smiley_7b3ed6ef52-150x150.jpg"},"medium_large":{"width":768,"height":768,"mime-type":"image\/jpeg","filesize":166712,"url":"https:\/\/canoff.de\/wp-content\/uploads\/2025\/09\/csm_Transfer_Thementag_Romanistik_Smiley_7b3ed6ef52-768x768.jpg"},"post-thumbnail":{"width":200,"height":200,"mime-type":"image\/jpeg","filesize":14361,"url":"https:\/\/canoff.de\/wp-content\/uploads\/2025\/09\/csm_Transfer_Thementag_Romanistik_Smiley_7b3ed6ef52-200x200.jpg"},"septera-featured":{"width":388,"height":200,"mime-type":"image\/jpeg","filesize":29587,"url":"https:\/\/canoff.de\/wp-content\/uploads\/2025\/09\/csm_Transfer_Thementag_Romanistik_Smiley_7b3ed6ef52-388x200.jpg"},"septera-featured-lp":{"width":440,"height":200,"mime-type":"image\/jpeg","filesize":33470,"url":"https:\/\/canoff.de\/wp-content\/uploads\/2025\/09\/csm_Transfer_Thementag_Romanistik_Smiley_7b3ed6ef52-440x200.jpg"},"septera-featured-half":{"width":800,"height":200,"mime-type":"image\/jpeg","filesize":63612,"url":"https:\/\/canoff.de\/wp-content\/uploads\/2025\/09\/csm_Transfer_Thementag_Romanistik_Smiley_7b3ed6ef52-800x200.jpg"},"septera-featured-third":{"width":512,"height":200,"mime-type":"image\/jpeg","filesize":39550,"url":"https:\/\/canoff.de\/wp-content\/uploads\/2025\/09\/csm_Transfer_Thementag_Romanistik_Smiley_7b3ed6ef52-512x200.jpg"},"septera-lpbox-1":{"width":440,"height":300,"mime-type":"image\/jpeg","filesize":48090,"url":"https:\/\/canoff.de\/wp-content\/uploads\/2025\/09\/csm_Transfer_Thementag_Romanistik_Smiley_7b3ed6ef52-440x300.jpg"},"septera-lpbox-2":{"width":480,"height":400,"mime-type":"image\/jpeg","filesize":65460,"url":"https:\/\/canoff.de\/wp-content\/uploads\/2025\/09\/csm_Transfer_Thementag_Romanistik_Smiley_7b3ed6ef52-480x400.jpg"}}},"all_day":false,"start_date":"2025-09-05 10:00:00","start_date_details":{"year":"2025","month":"09","day":"05","hour":"10","minutes":"00","seconds":"00"},"end_date":"2025-09-05 10:00:00","end_date_details":{"year":"2025","month":"09","day":"05","hour":"10","minutes":"00","seconds":"00"},"utc_start_date":"2025-09-05 08:00:00","utc_start_date_details":{"year":"2025","month":"09","day":"05","hour":"08","minutes":"00","seconds":"00"},"utc_end_date":"2025-09-05 08:00:00","utc_end_date_details":{"year":"2025","month":"09","day":"05","hour":"08","minutes":"00","seconds":"00"},"timezone":"Europe\/Berlin","timezone_abbr":"CEST","cost":"","cost_details":{"currency_symbol":"\u20ac","currency_code":"EUR","currency_position":"suffix","values":[]},"website":"","show_map":true,"show_map_link":true,"hide_from_listings":false,"sticky":false,"featured":false,"categories":[],"tags":[],"venue":{"id":357,"author":"1","status":"publish","date":"2023-10-16 20:25:54","date_utc":"0000-00-00 00:00:00","modified":"2023-10-16 20:25:54","modified_utc":"0000-00-00 00:00:00","url":"https:\/\/canoff.de\/?tribe_venue=universitaet-bremen-gw-2","venue":"Universit\u00e4t Bremen, GW 2","slug":"universitaet-bremen-gw-2","address":"Universit\u00e4tsboulevard 13","city":"Bremen","country":"Germany","province":"Bremen","zip":"28359","stateprovince":"Bremen","json_ld":{"@type":"Place","name":"Universit\u00e4t Bremen, GW 2","description":"","url":"","address":{"@type":"PostalAddress","streetAddress":"Universit\u00e4tsboulevard 13","addressLocality":"Bremen","addressRegion":"Bremen","postalCode":"28359","addressCountry":"Germany"},"telephone":"","sameAs":""},"show_map":true,"show_map_link":true,"global_id":"canoff.de?id=357","global_id_lineage":["canoff.de?id=357"]},"organizer":[{"id":1121,"author":"1","status":"publish","date":"2025-09-29 14:16:35","date_utc":"2025-09-29 12:16:35","modified":"2025-09-29 14:16:35","modified_utc":"2025-09-29 12:16:35","url":"https:\/\/canoff.de\/?tribe_organizer=institut-fuer-romanistik-universitaet-bremen","organizer":"Institut f\u00fcr Romanistik \u2013 Universit\u00e4t Bremen","slug":"institut-fuer-romanistik-universitaet-bremen","json_ld":{"@type":"Person","name":"Institut f\u00fcr Romanistik \u2013 Universit\u00e4t Bremen","description":"","url":"","telephone":"","email":"","sameAs":""},"global_id":"canoff.de?id=1121","global_id_lineage":["canoff.de?id=1121"]}],"custom_fields":[],"json_ld":{"@context":"http:\/\/schema.org","@type":"Event","name":"Thementag Romanistik an der Universit\u00e4t Bremen","description":"&lt;p&gt;Am 05.09. findet an der Universit\u00e4t Bremen der Thementag Romanistik statt. In unterschiedlichen Veranstaltungen zeigen Lehrende und Studierende kreativ, woraus ein Studium des Franz\u00f6sischen und Spanischen besteht, stellen die vielen Berufszweige vor, die dieses Studium erm\u00f6glicht und warum es sich lohnt, ein Studium der Romanistik aufzunehmen. Unser Ziel ist es, &hellip;&lt;\/p&gt;\\n","image":"https:\/\/canoff.de\/wp-content\/uploads\/2025\/09\/csm_Transfer_Thementag_Romanistik_Smiley_7b3ed6ef52-e1759148224616.jpg","url":"https:\/\/canoff.de\/?tribe_events=thementag-romanistik-an-der-universitaet-bremen","eventAttendanceMode":"https:\/\/schema.org\/OfflineEventAttendanceMode","eventStatus":"https:\/\/schema.org\/EventScheduled","startDate":"2025-09-05T10:00:00+02:00","endDate":"2025-09-05T10:00:00+02:00","location":{"@type":"Place","name":"Universit\u00e4t Bremen, GW 2","description":"","url":"","address":{"@type":"PostalAddress","streetAddress":"Universit\u00e4tsboulevard 13","addressLocality":"Bremen","addressRegion":"Bremen","postalCode":"28359","addressCountry":"Germany"},"telephone":"","sameAs":""},"organizer":{"@type":"Person","name":"Institut f\u00fcr Romanistik \u2013 Universit\u00e4t Bremen","description":"","url":"","telephone":"","email":"","sameAs":""},"performer":"Organization"}}