{"id":1071,"global_id":"canoff.de?id=1071","global_id_lineage":["canoff.de?id=1071"],"author":"1","status":"publish","date":"2025-07-07 11:26:01","date_utc":"2025-07-07 09:26:01","modified":"2025-07-07 11:27:38","modified_utc":"2025-07-07 09:27:38","url":"https:\/\/canoff.de\/?tribe_events=zukunftsmesse-nord","rest_url":"https:\/\/canoff.de\/index.php?rest_route=\/tribe\/events\/v1\/events\/1071","title":"Zukunftsmesse Nord","description":"<p>Wir m\u00f6chten auf die M\u00f6glichkeit hinweisen, sich aktiv als Aussteller und \/oder Fortbildner*in in die Zukunftsmesse Nord einzubinden, zu unterst\u00fctzen und mitzuwirken!<br \/>\nMit \u00fcber 1,3 Millionen Franz\u00f6sischlernende ist Franz\u00f6sisch, nach Englisch, die meisterlernte Fremdsprache an deutschen Schulen. Allerdings w\u00e4hlen fast 90% der Sch\u00fcler*innen das Fach Franz\u00f6sisch aus den unterschiedlichsten Gr\u00fcnden zur Oberstufe hin ab. Eine Tendenz, die sich nicht nur negativ auf bestimmte Studieng\u00e4nge, sondern langfristig auch auf die Berufswelt und auf die Zivilgesellschaft auswirkt.<\/p>\n<p>Um diesem Trend entgegenzuwirken, m\u00f6chten wir den Sch\u00fcler*innen im Rahmen einer Messe M\u00f6glichkeiten und Perspektiven im frankofonen Raum aufzeigen, die sich w\u00e4hrend und insbesondere nach deren Schullaufbahn, durch das Beherrschen der franz\u00f6sischen Sprache ergeben.<\/p>\n<p>Die Zukunftsmesse Nord unterscheidet sich von anderen Messen darin, dass bei allen Angeboten der Fokus auch auf den frankofonen Sprachraum gelegt wird. Hierbei kann die franz\u00f6sische Sprache als notwendige Voraussetzung oder aber als n\u00fctzliche Kommunikationssprache fungieren. Die Angebote sollen u.a. die Bereiche Studium, duales Studium, Ausbildung<a>,<\/a> Arbeitswelt und konkrete Berufsfelder(Orientierungs-)Praktika, Gap Year, Auslandsaufenthalte und Auslandsstipendien abdecken. Dar\u00fcber hinaus bieten wir parallel zu der Messe Mikrofortbildungen und Informationsveranstaltungen zu ausgew\u00e4hlten Themen an, wie z. B. Zugang zu (internationalen) Stipendien, Bewerbungen im frankofonen Kontext, von Vorbildern lernen, etc.<\/p>\n<p><a href=\"https:\/\/www.linkedin.com\/feed\/update\/urn:li:activity:7346402303047835648\" target=\"_blank\" rel=\"noopener\">https:\/\/www.linkedin.com\/feed\/update\/urn:li:activity:7346402303047835648<\/a><\/p>\n<p>Hier finden Sie die n\u00f6tigen Dokumente zur Anmeldung auf franz\u00f6sisch und auf deutsch:<br \/>\n\u2013 <a href=\"https:\/\/canoff.de\/wp-content\/uploads\/2025\/06\/fiche_inscription_Zukunftsmesse_Nord_2025.pdf\" target=\"_blank\" rel=\"noreferrer noopener\">Fiche d\u2019inscription pour exposants<\/a><br \/>\n\u2013 <a href=\"https:\/\/canoff.de\/wp-content\/uploads\/2025\/06\/Anmeldeformular_Zukunftsmesse_Nord_2025.pdf\" target=\"_blank\" rel=\"noreferrer noopener\">Anmeldeformular f\u00fcr Aussteller<\/a><br \/>\n\u2013 <a href=\"https:\/\/canoff.de\/wp-content\/uploads\/2025\/06\/Anschreiben_Zukunftsmesse_Nord_2025.pdf\" target=\"_blank\" rel=\"noreferrer noopener\">Einladung zur Zukunftsmesse Nord 2025<\/a><br \/>\n\u2013 <a href=\"https:\/\/canoff.de\/wp-content\/uploads\/2025\/06\/Institutions_Entreprises_Zukunftsmesse_Nord_2025.pdf\" target=\"_blank\" rel=\"noreferrer noopener\">Invitation au Salon \u00ab Zukunftsmesse Nord \u00bb<\/a><\/p>","excerpt":"","slug":"zukunftsmesse-nord","image":{"url":"https:\/\/canoff.de\/wp-content\/uploads\/2025\/07\/LinkedIn-post-Zukunftsmesse_DE-e1751880319453.png","id":1072,"extension":"png","width":400,"height":400,"filesize":171382,"sizes":{"medium":{"width":300,"height":300,"mime-type":"image\/png","filesize":114407,"url":"https:\/\/canoff.de\/wp-content\/uploads\/2025\/07\/LinkedIn-post-Zukunftsmesse_DE-300x300.png"},"large":{"width":1024,"height":1024,"mime-type":"image\/png","filesize":695090,"url":"https:\/\/canoff.de\/wp-content\/uploads\/2025\/07\/LinkedIn-post-Zukunftsmesse_DE-1024x1024.png"},"thumbnail":{"width":150,"height":150,"mime-type":"image\/png","filesize":40538,"url":"https:\/\/canoff.de\/wp-content\/uploads\/2025\/07\/LinkedIn-post-Zukunftsmesse_DE-150x150.png"},"medium_large":{"width":768,"height":768,"mime-type":"image\/png","filesize":445361,"url":"https:\/\/canoff.de\/wp-content\/uploads\/2025\/07\/LinkedIn-post-Zukunftsmesse_DE-768x768.png"},"post-thumbnail":{"width":200,"height":200,"mime-type":"image\/png","filesize":63221,"url":"https:\/\/canoff.de\/wp-content\/uploads\/2025\/07\/LinkedIn-post-Zukunftsmesse_DE-200x200.png"},"septera-featured":{"width":388,"height":200,"mime-type":"image\/png","filesize":89120,"url":"https:\/\/canoff.de\/wp-content\/uploads\/2025\/07\/LinkedIn-post-Zukunftsmesse_DE-388x200.png"},"septera-featured-lp":{"width":440,"height":200,"mime-type":"image\/png","filesize":92519,"url":"https:\/\/canoff.de\/wp-content\/uploads\/2025\/07\/LinkedIn-post-Zukunftsmesse_DE-440x200.png"},"septera-featured-half":{"width":800,"height":200,"mime-type":"image\/png","filesize":145464,"url":"https:\/\/canoff.de\/wp-content\/uploads\/2025\/07\/LinkedIn-post-Zukunftsmesse_DE-800x200.png"},"septera-featured-third":{"width":512,"height":200,"mime-type":"image\/png","filesize":45930,"url":"https:\/\/canoff.de\/wp-content\/uploads\/2025\/07\/LinkedIn-post-Zukunftsmesse_DE-512x200.png"},"septera-lpbox-1":{"width":440,"height":300,"mime-type":"image\/png","filesize":143131,"url":"https:\/\/canoff.de\/wp-content\/uploads\/2025\/07\/LinkedIn-post-Zukunftsmesse_DE-440x300.png"},"septera-lpbox-2":{"width":480,"height":400,"mime-type":"image\/png","filesize":195624,"url":"https:\/\/canoff.de\/wp-content\/uploads\/2025\/07\/LinkedIn-post-Zukunftsmesse_DE-480x400.png"}}},"all_day":true,"start_date":"2025-10-01 00:00:00","start_date_details":{"year":"2025","month":"10","day":"01","hour":"00","minutes":"00","seconds":"00"},"end_date":"2025-10-02 23:59:59","end_date_details":{"year":"2025","month":"10","day":"02","hour":"23","minutes":"59","seconds":"59"},"utc_start_date":"2025-09-30 22:00:00","utc_start_date_details":{"year":"2025","month":"09","day":"30","hour":"22","minutes":"00","seconds":"00"},"utc_end_date":"2025-10-02 21:59:59","utc_end_date_details":{"year":"2025","month":"10","day":"02","hour":"21","minutes":"59","seconds":"59"},"timezone":"Europe\/Berlin","timezone_abbr":"CEST","cost":"kostenfrei | gratuit","cost_details":{"currency_symbol":"\u20ac","currency_code":"EUR","currency_position":"suffix","values":["kostenfrei-gratuit"]},"website":"","show_map":true,"show_map_link":true,"hide_from_listings":false,"sticky":false,"featured":false,"categories":[{"name":"Messe","slug":"messe","term_group":0,"term_taxonomy_id":124,"taxonomy":"tribe_events_cat","description":"","parent":0,"count":1,"filter":"raw","id":124,"urls":{"self":"https:\/\/canoff.de\/index.php?rest_route=\/tribe\/events\/v1\/categories\/124","collection":"https:\/\/canoff.de\/index.php?rest_route=\/tribe\/events\/v1\/categories"}}],"tags":[],"venue":[],"organizer":[],"custom_fields":[],"json_ld":{"@context":"http:\/\/schema.org","@type":"Event","name":"Zukunftsmesse Nord","description":"&lt;p&gt;Wir m\u00f6chten auf die M\u00f6glichkeit hinweisen, sich aktiv als Aussteller und \/oder Fortbildner*in in die Zukunftsmesse Nord einzubinden, zu unterst\u00fctzen und mitzuwirken! Mit \u00fcber 1,3 Millionen Franz\u00f6sischlernende ist Franz\u00f6sisch, nach Englisch, die meisterlernte Fremdsprache an deutschen Schulen. Allerdings w\u00e4hlen fast 90% der Sch\u00fcler*innen das Fach Franz\u00f6sisch aus den unterschiedlichsten Gr\u00fcnden &hellip;&lt;\/p&gt;\\n","image":"https:\/\/canoff.de\/wp-content\/uploads\/2025\/07\/LinkedIn-post-Zukunftsmesse_DE-e1751880319453.png","url":"https:\/\/canoff.de\/?tribe_events=zukunftsmesse-nord","eventAttendanceMode":"https:\/\/schema.org\/OfflineEventAttendanceMode","eventStatus":"https:\/\/schema.org\/EventScheduled","startDate":"2025-10-01T00:00:00+02:00","endDate":"2025-10-02T23:59:59+02:00","offers":{"@type":"Offer","price":"kostenfrei | gratuit","priceCurrency":"EUR","url":"https:\/\/canoff.de\/?tribe_events=zukunftsmesse-nord","category":"primary","availability":"inStock","validFrom":"2026-07-07T11:25:00+00:00"},"performer":"Organization"}}